{"id":4698,"date":"2026-05-02T00:18:24","date_gmt":"2026-05-01T22:18:24","guid":{"rendered":"https:\/\/gomos.se\/en\/?p=4698"},"modified":"2026-05-02T00:24:54","modified_gmt":"2026-05-01T22:24:54","slug":"hierarchical-divine-liturgy-at-the-apostle-bartholomew-parish-in-reykjavik-iceland","status":"publish","type":"post","link":"https:\/\/gomos.se\/el\/hierarchical-divine-liturgy-at-the-apostle-bartholomew-parish-in-reykjavik-iceland\/","title":{"rendered":"\u0391\u03c1\u03c7\u03b9\u03b5\u03c1\u03b1\u03c4\u03b9\u03ba\u03ae \u0398\u03b5\u03af\u03b1 \u039b\u03b5\u03b9\u03c4\u03bf\u03c5\u03c1\u03b3\u03af\u03b1 \u03c3\u03c4\u03b7\u03bd \u0395\u03bd\u03bf\u03c1\u03af\u03b1 \u0391\u03c0\u03bf\u03c3\u03c4\u03cc\u03bb\u03bf\u03c5 \u0392\u03b1\u03c1\u03b8\u03bf\u03bb\u03bf\u03bc\u03b1\u03af\u03bf\u03c5, \u03c3\u03c4\u03bf \u03a1\u03ad\u03ca\u03ba\u03b9\u03b1\u03b2\u03b9\u03ba \u03c4\u03b7\u03c2 \u0399\u03c3\u03bb\u03b1\u03bd\u03b4\u03af\u03b1\u03c2"},"content":{"rendered":"\n<p>\u0395\u03c5\u03c7\u03b1\u03c1\u03af\u03c3\u03c4\u03c9\u03c2 \u03b1\u03bd\u03b1\u03ba\u03bf\u03b9\u03bd\u03ce\u03bd\u03b5\u03c4\u03b1\u03b9 \u03cc\u03c4\u03b9 \u03c4\u03bf \u03a3\u03ac\u03b2\u03b2\u03b1\u03c4\u03bf, 16 \u039c\u03b1\u0390\u03bf\u03c5 2026, \u03c3\u03c4\u03b9\u03c2 10 \u03c0.\u03bc., \u03bc\u03b5 \u03c4\u03b7\u03bd \u03ba\u03b1\u03bd\u03bf\u03bd\u03b9\u03ba\u03ae \u03ac\u03b4\u03b5\u03b9\u03b1 \u03ba\u03b1\u03b9 \u03c0\u03c1\u03bf\u03c4\u03c1\u03bf\u03c0\u03ae \u03c4\u03bf\u03c5 \u03a3\u03b5\u03b2. \u039c\u03b7\u03c4\u03c1\u03bf\u03c0\u03bf\u03bb\u03af\u03c4\u03bf\u03c5 \u03a3\u03bf\u03c5\u03b7\u03b4\u03af\u03b1\u03c2 \u03ba\u03b1\u03b9 \u03c0\u03ac\u03c3\u03b7\u03c2 \u03a3\u03ba\u03b1\u03bd\u03b4\u03b9\u03bd\u03b1\u03c5\u0390\u03b1\u03c2 \u03ba. \u039a\u03bb\u03b5\u03cc\u03c0\u03b1, \u03bf \u0398\u03b5\u03bf\u03c6\u03b9\u03bb\u03ad\u03c3\u03c4\u03b1\u03c4\u03bf\u03c2 \u0395\u03c0\u03af\u03c3\u03ba\u03bf\u03c0\u03bf\u03c2 \u0395\u03bb\u03b1\u03af\u03b1\u03c2 \u03ba. \u0392\u03b1\u03c1\u03b8\u03bf\u03bb\u03bf\u03bc\u03b1\u03af\u03bf\u03c2 \u03b8\u03b1 \u03b9\u03b5\u03c1\u03bf\u03c5\u03c1\u03b3\u03ae\u03c3\u03b5\u03b9 \u03c3\u03c4\u03b7\u03bd \u0395\u03bd\u03bf\u03c1\u03af\u03b1 \u0391\u03c0\u03bf\u03c3\u03c4\u03cc\u03bb\u03bf\u03c5 \u0392\u03b1\u03c1\u03b8\u03bf\u03bb\u03bf\u03bc\u03b1\u03af\u03bf\u03c5 \u03a1\u03ad\u03ca\u03ba\u03b9\u03b1\u03b2\u03b9\u03ba \u0399\u03c3\u03bb\u03b1\u03bd\u03b4\u03af\u03b1\u03c2, \u03c3\u03c4\u03bf \u03c0\u03b1\u03c1\u03b5\u03ba\u03ba\u03bb\u03ae\u03c3\u03b9\u03bf Fri\u00f0rikskapella, \u03c3\u03c4\u03b7\u03bd \u03c0\u03cc\u03bb\u03b7 \u03a1\u03ad\u03ca\u03ba\u03b9\u03b1\u03b2\u03b9\u03ba \u0399\u03c3\u03bb\u03b1\u03bd\u03b4\u03af\u03b1\u03c2 (43MG+MJR, 102 Reykjavik, Island).<\/p>\n\n\n\n<p>\u0395\u03c0\u03af\u03c3\u03b7\u03c2, \u03c4\u03bf \u03b1\u03c0\u03cc\u03b3\u03b5\u03c5\u03bc\u03b1 \u03c4\u03b7\u03c2 \u03c0\u03c1\u03bf\u03b7\u03b3\u03bf\u03c5\u03bc\u03ad\u03bd\u03b7\u03c2, \u03a0\u03b1\u03c1\u03b1\u03c3\u03ba\u03b5\u03c5\u03ae, 15 \u039c\u03b1\u0390\u03bf\u03c5 2026, \u03ba\u03b1\u03b9 \u03ce\u03c1\u03b1 5:30 \u03bc.\u03bc., \u03c3\u03c4\u03b7\u03bd \u03b1\u03af\u03b8\u03bf\u03c5\u03c3\u03b1 \u03c0\u03bf\u03c5 \u03b2\u03c1\u03af\u03c3\u03ba\u03b5\u03c4\u03b1\u03b9 \u03b5\u03c0\u03af \u03c4\u03b7\u03c2 \u03bf\u03b4\u03bf\u03cd: H\u00e1teigsvegur 42, 105 Reykjav\u00edkurborg, Island, \u03bf \u0398\u03b5\u03bf\u03c6\u03b9\u03bb\u03ad\u03c3\u03c4\u03b1\u03c4\u03bf\u03c2 \u03b8\u03b1 \u03c3\u03c5\u03bd\u03b1\u03bd\u03c4\u03ae\u03c3\u03b5\u03b9 \u03bc\u03ad\u03bb\u03b7 \u03c4\u03b7\u03c2 \u03b5\u03ba\u03b5\u03af \u0395\u03bb\u03bb\u03b7\u03bd\u03b9\u03ba\u03ae\u03c2 \u039a\u03bf\u03b9\u03bd\u03cc\u03c4\u03b7\u03c4\u03bf\u03c2, \u03c3\u03c4\u03b7\u03bd \u03bf\u03c0\u03bf\u03af\u03b1 \u03ba\u03b1\u03bb\u03bf\u03cd\u03bd\u03c4\u03b1\u03b9 \u03bd\u03b1 \u03c3\u03c5\u03bc\u03bc\u03b5\u03c4\u03ad\u03c7\u03bf\u03c5\u03bd, \u03b5\u03c0\u03af\u03c3\u03b7\u03c2, \u03bf\u03b9 \u03b1\u03b4\u03b5\u03bb\u03c6\u03bf\u03af \u039f\u03bc\u03bf\u03b3\u03b5\u03bd\u03b5\u03af\u03c2 \u03ba\u03b1\u03b9 \u03ba\u03ac\u03c4\u03bf\u03b9\u03ba\u03bf\u03b9 \u03c4\u03b7\u03c2 \u03c0\u03b5\u03c1\u03b9\u03bf\u03c7\u03ae\u03c2, \u03ce\u03c3\u03c4\u03b5 \u03bd\u03b1 \u03c3\u03c5\u03b6\u03b7\u03c4\u03b7\u03b8\u03bf\u03cd\u03bd \u03b8\u03ad\u03bc\u03b1\u03c4\u03b1 \u03b1\u03c6\u03bf\u03c1\u03ce\u03bd\u03c4\u03b1 \u03c4\u03b7\u03bd \u03c0\u03c1\u03cc\u03bf\u03b4\u03bf \u03c4\u03b7\u03c2 \u03b5\u03bd\u03bf\u03c1\u03af\u03b1\u03c2.<\/p>\n\n\n\n<p>\u03a0\u03c1\u03bf\u03c3\u03ba\u03b1\u03bb\u03bf\u03cd\u03bd\u03c4\u03b1\u03b9 \u03bf\u03b9 \u03c7\u03c1\u03b9\u03c3\u03c4\u03b9\u03b1\u03bd\u03bf\u03af \u03bc\u03b1\u03c2 \u03c0\u03bf\u03c5 \u03b5\u03b3\u03ba\u03b1\u03c4\u03b1\u03b2\u03b9\u03bf\u03cd\u03bd \u03c3\u03c4\u03b7\u03bd \u03b5\u03c5\u03c1\u03cd\u03c4\u03b5\u03c1\u03b7 \u03c0\u03b5\u03c1\u03b9\u03bf\u03c7\u03ae, \u03bd\u03b1 \u03c3\u03c5\u03bc\u03bc\u03b5\u03c4\u03ac\u03c3\u03c7\u03bf\u03c5\u03bd \u03c3\u03c4\u03b7\u03bd \u03b5\u03bd \u03bb\u03cc\u03b3\u03c9 \u0391\u03c1\u03c7\u03b9\u03b5\u03c1\u03b1\u03c4\u03b9\u03ba\u03ae \u0398\u03b5\u03af\u03b1 \u039b\u03b5\u03b9\u03c4\u03bf\u03c5\u03c1\u03b3\u03af\u03b1 \u03ba\u03b1\u03b9 \u03bd\u03b1 \u03b1\u03bd\u03c4\u03b1\u03bb\u03bb\u03ac\u03be\u03bf\u03c5\u03bd \u03c4\u03bf\u03bd \u0391\u03bd\u03b1\u03c3\u03c4\u03ac\u03c3\u03b9\u03bc\u03bf \u03c7\u03b1\u03b9\u03c1\u03b5\u03c4\u03b9\u03c3\u03bc\u03cc.<\/p>\n\n\n\n<figure class=\"wp-block-gallery has-nested-images columns-default is-cropped wp-block-gallery-1 is-layout-flex wp-block-gallery-is-layout-flex\">\n<figure class=\"wp-block-image size-large\"><img data-recalc-dims=\"1\" loading=\"lazy\" decoding=\"async\" width=\"1024\" height=\"768\" data-id=\"4703\" src=\"https:\/\/i0.wp.com\/gomos.se\/wp-content\/uploads\/2026\/05\/682156745_1263928489226892_8212422992647323354_n.jpg?resize=1024%2C768&#038;ssl=1\" alt=\"\" class=\"wp-image-4703\"\/><\/figure>\n\n\n\n<figure class=\"wp-block-image size-large\"><img data-recalc-dims=\"1\" loading=\"lazy\" decoding=\"async\" width=\"2048\" height=\"1542\" data-id=\"4702\" src=\"https:\/\/i0.wp.com\/gomos.se\/wp-content\/uploads\/2026\/05\/680089442_1263928512560223_8917260516443611966_n.jpg?resize=2048%2C1542&#038;ssl=1\" alt=\"\" class=\"wp-image-4702\"\/><\/figure>\n<\/figure>\n\n\n\n<p><\/p>\n","protected":false},"excerpt":{"rendered":"<p>\u0395\u03c5\u03c7\u03b1\u03c1\u03af\u03c3\u03c4\u03c9\u03c2 \u03b1\u03bd\u03b1\u03ba\u03bf\u03b9\u03bd\u03ce\u03bd\u03b5\u03c4\u03b1\u03b9 \u03cc\u03c4\u03b9 \u03c4\u03bf \u03a3\u03ac\u03b2\u03b2\u03b1\u03c4\u03bf, 16 \u039c\u03b1\u0390\u03bf\u03c5 2026, \u03c3\u03c4\u03b9\u03c2 10 \u03c0.\u03bc., \u03bc\u03b5 \u03c4\u03b7\u03bd \u03ba\u03b1\u03bd\u03bf\u03bd\u03b9\u03ba\u03ae \u03ac\u03b4\u03b5\u03b9\u03b1 \u03ba\u03b1\u03b9 \u03c0\u03c1\u03bf\u03c4\u03c1\u03bf\u03c0\u03ae \u03c4\u03bf\u03c5 \u03a3\u03b5\u03b2. \u039c\u03b7\u03c4\u03c1\u03bf\u03c0\u03bf\u03bb\u03af\u03c4\u03bf\u03c5 \u03a3\u03bf\u03c5\u03b7\u03b4\u03af\u03b1\u03c2 \u03ba\u03b1\u03b9 \u03c0\u03ac\u03c3\u03b7\u03c2 \u03a3\u03ba\u03b1\u03bd\u03b4\u03b9\u03bd\u03b1\u03c5\u0390\u03b1\u03c2 \u03ba. \u039a\u03bb\u03b5\u03cc\u03c0\u03b1, \u03bf \u0398\u03b5\u03bf\u03c6\u03b9\u03bb\u03ad\u03c3\u03c4\u03b1\u03c4\u03bf\u03c2 \u0395\u03c0\u03af\u03c3\u03ba\u03bf\u03c0\u03bf\u03c2 \u0395\u03bb\u03b1\u03af\u03b1\u03c2 \u03ba. \u0392\u03b1\u03c1\u03b8\u03bf\u03bb\u03bf\u03bc\u03b1\u03af\u03bf\u03c2 \u03b8\u03b1 \u03b9\u03b5\u03c1\u03bf\u03c5\u03c1\u03b3\u03ae\u03c3\u03b5\u03b9 \u03c3\u03c4\u03b7\u03bd \u0395\u03bd\u03bf\u03c1\u03af\u03b1 \u0391\u03c0\u03bf\u03c3\u03c4\u03cc\u03bb\u03bf\u03c5 \u0392\u03b1\u03c1\u03b8\u03bf\u03bb\u03bf\u03bc\u03b1\u03af\u03bf\u03c5 \u03a1\u03ad\u03ca\u03ba\u03b9\u03b1\u03b2\u03b9\u03ba \u0399\u03c3\u03bb\u03b1\u03bd\u03b4\u03af\u03b1\u03c2, \u03c3\u03c4\u03bf \u03c0\u03b1\u03c1\u03b5\u03ba\u03ba\u03bb\u03ae\u03c3\u03b9\u03bf Fri\u00f0rikskapella, \u03c3\u03c4\u03b7\u03bd \u03c0\u03cc\u03bb\u03b7 \u03a1\u03ad\u03ca\u03ba\u03b9\u03b1\u03b2\u03b9\u03ba \u0399\u03c3\u03bb\u03b1\u03bd\u03b4\u03af\u03b1\u03c2 (43MG+MJR, 102 Reykjavik, Island). \u0395\u03c0\u03af\u03c3\u03b7\u03c2, \u03c4\u03bf \u03b1\u03c0\u03cc\u03b3\u03b5\u03c5\u03bc\u03b1 \u03c4\u03b7\u03c2 [&hellip;]<\/p>\n","protected":false},"author":1,"featured_media":4701,"comment_status":"closed","ping_status":"open","sticky":false,"template":"","format":"standard","meta":{"_jetpack_memberships_contains_paid_content":false,"footnotes":"","jetpack_publicize_message":"","jetpack_publicize_feature_enabled":true,"jetpack_social_post_already_shared":true,"jetpack_social_options":{"image_generator_settings":{"template":"highway","default_image_id":0,"font":"","enabled":false},"version":2}},"categories":[15],"tags":[],"class_list":["post-4698","post","type-post","status-publish","format-standard","has-post-thumbnail","hentry","category-news"],"aioseo_notices":[],"jetpack_publicize_connections":[],"jetpack_featured_media_url":"https:\/\/i0.wp.com\/gomos.se\/wp-content\/uploads\/2026\/05\/featured.jpg?fit=800%2C445&ssl=1","jetpack_sharing_enabled":true,"jetpack-related-posts":[{"id":221,"url":"https:\/\/gomos.se\/el\/%ce%b1%cf%86%ce%af%cf%87%ce%b8%ce%b7-%cf%83%cf%84%ce%b7%ce%bd-%cf%83%cf%84%ce%bf%ce%ba%cf%87%cf%8c%ce%bb%ce%bc%ce%b7-%ce%bf-%ce%bf%ce%b9%ce%ba%ce%bf%cf%85%ce%bc%ce%b5%ce%bd%ce%b9%ce%ba%cf%8c%cf%82\/","url_meta":{"origin":4698,"position":0},"title":"Ecumenical Patriarch Bartholomew Arrives in Stockholm","author":"mplexus","date":"21 \u0391\u03c5\u03b3\u03bf\u03cd\u03c3\u03c4\u03bf\u03c5, 2025","format":false,"excerpt":"[:en] The Holy Metropolis of Sweden and All Scandinavia and its Shepherd, His Eminence Metropolitan Cleopas, welcomed His All-Holiness, Ecumenical Patriarch Bartholomew, yesterday afternoon, Thursday, August 21, 2025, at Arlanda Airport in Stockholm. Responding to the kind invitation of His Eminence Archbishop Martin Mod\u00e9us of Uppsala and Primate of the\u2026","rel":"","context":"\u03c3\u03b5 &quot;Ecumenical Patriarch in Stockholm 2025&quot;","block_context":{"text":"Ecumenical Patriarch in Stockholm 2025","link":"https:\/\/gomos.se\/el\/category\/news\/ecumenical-patriarch-in-stockholm-2025\/"},"img":{"alt_text":"","src":"https:\/\/i0.wp.com\/gomos.se\/wp-content\/uploads\/2025\/08\/featured-2.jpg?fit=600%2C303&ssl=1&resize=350%2C200","width":350,"height":200,"srcset":"https:\/\/i0.wp.com\/gomos.se\/wp-content\/uploads\/2025\/08\/featured-2.jpg?fit=600%2C303&ssl=1&resize=350%2C200 1x, https:\/\/i0.wp.com\/gomos.se\/wp-content\/uploads\/2025\/08\/featured-2.jpg?fit=600%2C303&ssl=1&resize=525%2C300 1.5x"},"classes":[]},{"id":1938,"url":"https:\/\/gomos.se\/el\/the-feast-of-saint-nicholas-at-the-finnish-parish-of-stockholm\/","url_meta":{"origin":4698,"position":1},"title":"The Feast of Saint Nicholas at the Finnish Parish of Stockholm","author":"mplexus","date":"11 \u0394\u03b5\u03ba\u03b5\u03bc\u03b2\u03c1\u03af\u03bf\u03c5, 2025","format":false,"excerpt":"[:en] On the morning of Saturday, December 6, 2025, His Eminence Metropolitan Cleopas of Sweden and All Scandinavia presided over the Divine Liturgy in Chorostasia at the festal Finnish Parish of Saint Nicholas in Stockholm. Concelebrating with him were the Very Rev. Archimandrite Bartholomew Iatridis, Parish Priest of Saint George\u2026","rel":"","context":"\u03c3\u03b5 &quot;Homilies&quot;","block_context":{"text":"Homilies","link":"https:\/\/gomos.se\/el\/category\/metropolitan\/homilies\/"},"img":{"alt_text":"","src":"https:\/\/i0.wp.com\/gomos.se\/wp-content\/uploads\/2025\/12\/featured-3.jpg?fit=800%2C415&ssl=1&resize=350%2C200","width":350,"height":200,"srcset":"https:\/\/i0.wp.com\/gomos.se\/wp-content\/uploads\/2025\/12\/featured-3.jpg?fit=800%2C415&ssl=1&resize=350%2C200 1x, https:\/\/i0.wp.com\/gomos.se\/wp-content\/uploads\/2025\/12\/featured-3.jpg?fit=800%2C415&ssl=1&resize=525%2C300 1.5x, https:\/\/i0.wp.com\/gomos.se\/wp-content\/uploads\/2025\/12\/featured-3.jpg?fit=800%2C415&ssl=1&resize=700%2C400 2x"},"classes":[]},{"id":4469,"url":"https:\/\/gomos.se\/el\/two-new-clergymen-join-the-holy-metropolis-of-sweden\/","url_meta":{"origin":4698,"position":2},"title":"Two New Clergymen Join the Holy Metropolis of Sweden","author":"mplexus","date":"19 \u0391\u03c0\u03c1\u03b9\u03bb\u03af\u03bf\u03c5, 2026","format":false,"excerpt":"[:en] The Holy Metropolis of Sweden and All Scandinavia is pleased to announce, in the radiant joy of the Resurrection, the addition of two new volunteer clergy members to its ecclesiastical body. Their inclusion aims to further support and strengthen the Metropolis\u2019 ongoing missionary and pastoral ministry across Scandinavia. This\u2026","rel":"","context":"\u03c3\u03b5 &quot;News&quot;","block_context":{"text":"News","link":"https:\/\/gomos.se\/el\/category\/news\/"},"img":{"alt_text":"","src":"https:\/\/i0.wp.com\/gomos.se\/wp-content\/uploads\/2026\/04\/featured-20.jpg?fit=800%2C384&ssl=1&resize=350%2C200","width":350,"height":200,"srcset":"https:\/\/i0.wp.com\/gomos.se\/wp-content\/uploads\/2026\/04\/featured-20.jpg?fit=800%2C384&ssl=1&resize=350%2C200 1x, https:\/\/i0.wp.com\/gomos.se\/wp-content\/uploads\/2026\/04\/featured-20.jpg?fit=800%2C384&ssl=1&resize=525%2C300 1.5x, https:\/\/i0.wp.com\/gomos.se\/wp-content\/uploads\/2026\/04\/featured-20.jpg?fit=800%2C384&ssl=1&resize=700%2C400 2x"},"classes":[]},{"id":1435,"url":"https:\/\/gomos.se\/el\/hierarchical-d-liturgy-at-the-celebrating-parish-of-sts-demetrios-nestor-orebro\/","url_meta":{"origin":4698,"position":3},"title":"\u0391\u03c1\u03c7\u03b9\u03b5\u03c1\u03b1\u03c4\u03b9\u03ba\u03ae \u0398\u03b5\u03af\u03b1 \u039b\u03b5\u03b9\u03c4\u03bf\u03c5\u03c1\u03b3\u03af\u03b1 \u03c3\u03c4\u03b7\u03bd \u03c0\u03b1\u03bd\u03b7\u03b3\u03c5\u03c1\u03af\u03b6\u03bf\u03c5\u03c3\u03b1 \u0395\u03bd\u03bf\u03c1\u03af\u03b1 \u03c4\u03c9\u03bd \u0391\u03b3\u03af\u03c9\u03bd \u0394\u03b7\u03bc\u03b7\u03c4\u03c1\u03af\u03bf\u03c5 \u03ba\u03b1\u03b9 \u039d\u03ad\u03c3\u03c4\u03bf\u03c1\u03bf\u03c2 \u00d6rebro \u03a3\u03bf\u03c5\u03b7\u03b4\u03af\u03b1\u03c2","author":"mplexus","date":"21 \u039f\u03ba\u03c4\u03c9\u03b2\u03c1\u03af\u03bf\u03c5, 2025","format":false,"excerpt":"[:en] It is joyfully announced to the faithful of the Holy Metropolis of Sweden that on Saturday, October 25, 2025, at 10:00 a.m., a Hierarchical Divine Liturgy will be celebrated at the festal Parish of Saints Demetrios and Nestor in the city of \u00d6rebro, Sweden (Gode Herdens Kapell, Bj\u00f6rkrisv\u00e4gen 17,\u2026","rel":"","context":"\u03c3\u03b5 &quot;News&quot;","block_context":{"text":"News","link":"https:\/\/gomos.se\/el\/category\/news\/"},"img":{"alt_text":"[:en]St. Demetrios, St. Nestor, St. Loupos[:]","src":"https:\/\/i0.wp.com\/gomos.se\/wp-content\/uploads\/2025\/10\/St-Demetrios-small.jpg?fit=650%2C364&ssl=1&resize=350%2C200","width":350,"height":200,"srcset":"https:\/\/i0.wp.com\/gomos.se\/wp-content\/uploads\/2025\/10\/St-Demetrios-small.jpg?fit=650%2C364&ssl=1&resize=350%2C200 1x, https:\/\/i0.wp.com\/gomos.se\/wp-content\/uploads\/2025\/10\/St-Demetrios-small.jpg?fit=650%2C364&ssl=1&resize=525%2C300 1.5x"},"classes":[]},{"id":4457,"url":"https:\/\/gomos.se\/el\/thyranoixia-of-the-saint-tychon-the-athonite-parish-in-lulea-sweden\/","url_meta":{"origin":4698,"position":4},"title":"\u0398\u03c5\u03c1\u03b1\u03bd\u03bf\u03af\u03be\u03b9\u03b1 \u0395\u03bd\u03bf\u03c1\u03af\u03b1\u03c2 \u039f\u03c3\u03af\u03bf\u03c5 \u03a4\u03cd\u03c7\u03c9\u03bd\u03bf\u03c2 \u03c4\u03bf\u03c5 \u0391\u03b8\u03c9\u03bd\u03af\u03c4\u03bf\u03c5 \u03c3\u03c4\u03bf Lule\u00e5 \u03c4\u03b7\u03c2 \u03a3\u03bf\u03c5\u03b7\u03b4\u03af\u03b1\u03c2","author":"mplexus","date":"19 \u0391\u03c0\u03c1\u03b9\u03bb\u03af\u03bf\u03c5, 2026","format":false,"excerpt":"[:en] The Holy Metropolis of Sweden and All Scandinavia is pleased to announce to the faithful of the Mother Church in Scandinavia that the ordination of its new volunteer clergyman, the Reverend Protopresbyter Dr. Christian (Nils Krister) Tano, who is both a physician and a theologian, took place on Lazarus\u2026","rel":"","context":"\u03c3\u03b5 &quot;News&quot;","block_context":{"text":"News","link":"https:\/\/gomos.se\/el\/category\/news\/"},"img":{"alt_text":"","src":"https:\/\/i0.wp.com\/gomos.se\/wp-content\/uploads\/2026\/04\/671582901_1254245270195214_3792843578160532232_n.jpg?fit=784%2C392&ssl=1&resize=350%2C200","width":350,"height":200,"srcset":"https:\/\/i0.wp.com\/gomos.se\/wp-content\/uploads\/2026\/04\/671582901_1254245270195214_3792843578160532232_n.jpg?fit=784%2C392&ssl=1&resize=350%2C200 1x, https:\/\/i0.wp.com\/gomos.se\/wp-content\/uploads\/2026\/04\/671582901_1254245270195214_3792843578160532232_n.jpg?fit=784%2C392&ssl=1&resize=525%2C300 1.5x, https:\/\/i0.wp.com\/gomos.se\/wp-content\/uploads\/2026\/04\/671582901_1254245270195214_3792843578160532232_n.jpg?fit=784%2C392&ssl=1&resize=700%2C400 2x"},"classes":[]},{"id":4076,"url":"https:\/\/gomos.se\/el\/dr-nils-krister-tanos-ordination-to-the-diaconate-by-his-grace-bishop-bartholomew-of-elaia-at-the-st-george-cathedral-of-stockholm-on-saturday-of-lazarus-april-4-2026\/","url_meta":{"origin":4698,"position":5},"title":"\u0397 \u03b5\u03b9\u03c2 \u0394\u03b9\u03ac\u03ba\u03bf\u03bd\u03bf\u03bd \u03c7\u03b5\u03b9\u03c1\u03bf\u03c4\u03bf\u03bd\u03af\u03b1 \u03c4\u03bf\u03c5 \u0394\u03c1.Nils Krister Tano \u03b1\u03c0\u03cc \u03c4\u03bf\u03bd \u0398\u03b5\u03bf\u03c6\u03b9\u03bb\u03ad\u03c3\u03c4\u03b1\u03c4\u03bf \u0395\u03c0\u03af\u03c3\u03ba\u03bf\u03c0\u03bf \u0395\u03bb\u03b1\u03af\u03b1\u03c2 \u03ba. \u0392\u03b1\u03c1\u03b8\u03bf\u03bb\u03bf\u03bc\u03b1\u03af\u03bf, \u03c3\u03c4\u03bf\u03bd \u039a\u03b1\u03b8\u03b5\u03b4\u03c1\u03b9\u03ba\u03cc \u039d\u03b1\u03cc \u0391\u03b3\u03af\u03bf\u03c5 \u0393\u03b5\u03c9\u03c1\u03b3\u03af\u03bf\u03c5 \u03a3\u03c4\u03bf\u03ba\u03c7\u03cc\u03bb\u03bc\u03b7\u03c2, \u03c4\u03bf \u03a3\u03ac\u03b2\u03b2\u03b1\u03c4\u03bf \u03c4\u03bf\u03c5 \u039b\u03b1\u03b6\u03ac\u03c1\u03bf\u03c5, 4 \u0391\u03c0\u03c1\u03b9\u03bb\u03af\u03bf\u03c5 2026.","author":"mplexus","date":"4 \u0391\u03c0\u03c1\u03b9\u03bb\u03af\u03bf\u03c5, 2026","format":false,"excerpt":"[:en] [:el] [:]","rel":"","context":"\u03c3\u03b5 &quot;News&quot;","block_context":{"text":"News","link":"https:\/\/gomos.se\/el\/category\/news\/"},"img":{"alt_text":"","src":"https:\/\/i0.wp.com\/gomos.se\/wp-content\/uploads\/2026\/04\/featured-6.jpg?fit=800%2C602&ssl=1&resize=350%2C200","width":350,"height":200,"srcset":"https:\/\/i0.wp.com\/gomos.se\/wp-content\/uploads\/2026\/04\/featured-6.jpg?fit=800%2C602&ssl=1&resize=350%2C200 1x, https:\/\/i0.wp.com\/gomos.se\/wp-content\/uploads\/2026\/04\/featured-6.jpg?fit=800%2C602&ssl=1&resize=525%2C300 1.5x, https:\/\/i0.wp.com\/gomos.se\/wp-content\/uploads\/2026\/04\/featured-6.jpg?fit=800%2C602&ssl=1&resize=700%2C400 2x"},"classes":[]}],"_links":{"self":[{"href":"https:\/\/gomos.se\/el\/wp-json\/wp\/v2\/posts\/4698","targetHints":{"allow":["GET"]}}],"collection":[{"href":"https:\/\/gomos.se\/el\/wp-json\/wp\/v2\/posts"}],"about":[{"href":"https:\/\/gomos.se\/el\/wp-json\/wp\/v2\/types\/post"}],"author":[{"embeddable":true,"href":"https:\/\/gomos.se\/el\/wp-json\/wp\/v2\/users\/1"}],"replies":[{"embeddable":true,"href":"https:\/\/gomos.se\/el\/wp-json\/wp\/v2\/comments?post=4698"}],"version-history":[{"count":3,"href":"https:\/\/gomos.se\/el\/wp-json\/wp\/v2\/posts\/4698\/revisions"}],"predecessor-version":[{"id":4705,"href":"https:\/\/gomos.se\/el\/wp-json\/wp\/v2\/posts\/4698\/revisions\/4705"}],"wp:featuredmedia":[{"embeddable":true,"href":"https:\/\/gomos.se\/el\/wp-json\/wp\/v2\/media\/4701"}],"wp:attachment":[{"href":"https:\/\/gomos.se\/el\/wp-json\/wp\/v2\/media?parent=4698"}],"wp:term":[{"taxonomy":"category","embeddable":true,"href":"https:\/\/gomos.se\/el\/wp-json\/wp\/v2\/categories?post=4698"},{"taxonomy":"post_tag","embeddable":true,"href":"https:\/\/gomos.se\/el\/wp-json\/wp\/v2\/tags?post=4698"}],"curies":[{"name":"wp","href":"https:\/\/api.w.org\/{rel}","templated":true}]}}