{"id":1435,"date":"2025-10-21T13:30:24","date_gmt":"2025-10-21T11:30:24","guid":{"rendered":"https:\/\/gomos.se\/en\/?p=1435"},"modified":"2026-03-04T12:34:06","modified_gmt":"2026-03-04T10:34:06","slug":"hierarchical-d-liturgy-at-the-celebrating-parish-of-sts-demetrios-nestor-orebro","status":"publish","type":"post","link":"https:\/\/gomos.se\/en\/hierarchical-d-liturgy-at-the-celebrating-parish-of-sts-demetrios-nestor-orebro\/","title":{"rendered":"Hierarchical D. Liturgy at the Celebrating Parish of Sts. Demetrios &#038; Nestor, \u00d6rebro"},"content":{"rendered":"\n<figure class=\"wp-block-image size-full\"><img data-recalc-dims=\"1\" loading=\"lazy\" decoding=\"async\" width=\"650\" height=\"792\" src=\"https:\/\/i0.wp.com\/gomos.se\/wp-content\/uploads\/2025\/10\/St-Demetrios.jpg?resize=650%2C792&#038;ssl=1\" alt=\"St. Demetrios, St. Nestor, St. Loupos\" class=\"wp-image-1437\" srcset=\"https:\/\/i0.wp.com\/gomos.se\/wp-content\/uploads\/2025\/10\/St-Demetrios.jpg?w=650&amp;ssl=1 650w, https:\/\/i0.wp.com\/gomos.se\/wp-content\/uploads\/2025\/10\/St-Demetrios.jpg?resize=246%2C300&amp;ssl=1 246w\" sizes=\"auto, (max-width: 650px) 100vw, 650px\" \/><\/figure>\n\n\n\n<p>It is joyfully announced to the faithful of the Holy Metropolis of Sweden that on <strong>Saturday, October 25, 2025, at 10:00 a.m.<\/strong>, a Hierarchical Divine Liturgy will be celebrated at the festal <strong>Parish of Saints Demetrios and Nestor in the city of \u00d6rebro, Sweden<\/strong> (Gode Herdens Kapell, Bj\u00f6rkrisv\u00e4gen 17, 70234 \u00d6rebro, Brickebackens Centrum), officiated by His Eminence Metropolitan Cleopas of Sweden and All Scandinavia.<\/p>\n\n\n\n<p>The devout Christians are invited to attend the Divine Liturgy and receive the blessing of Saint Demetrios the Great Martyr and Myrrh-Streamer.<\/p>\n\n\n\n<hr class=\"wp-block-separator has-alpha-channel-opacity is-style-wide\"\/>\n\n\n\n<p>H\u00f6gm\u00e4ssa i den firande kyrkan till\u00e4gnad de heliga Demetrios och Nestor i \u00d6rebro<\/p>\n\n\n\n<p>Det meddelas med gl\u00e4dje till f\u00f6rsamlingen i det Heliga Metropolitd\u00f6met av Sverige att p\u00e5 l\u00f6rdagen den <strong>25 oktober 2025 kl. 10.00 <\/strong>kommer en \u00e4rkebiskoplig gudstj\u00e4nst att h\u00e5llas i den firande kyrkan de <strong>heliga Demetrios och Nestor i \u00d6rebro<\/strong> (Gode Herdens Kapell, Bj\u00f6rkrisv\u00e4gen 17, 70234 \u00d6rebro, Brickebackens Centrum), ledd av Hans Eminens Metropoliten Cleopas av Sverige och hela Skandinavien.<\/p>\n\n\n\n<p>De troende kristna inbjuds hj\u00e4rtligt att delta i den gudomliga liturgin och att ta emot v\u00e4lsignelsen fr\u00e5n den helige store martyren Demetrios Myrdoftande.<\/p>\n\n\n\n<p><\/p>\n","protected":false},"excerpt":{"rendered":"<p>It is joyfully announced to the faithful of the Holy Metropolis of Sweden that on Saturday, October 25, 2025, at 10:00 a.m., a Hierarchical Divine Liturgy will be celebrated at the festal Parish of Saints Demetrios and Nestor in the city of \u00d6rebro, Sweden (Gode Herdens Kapell, Bj\u00f6rkrisv\u00e4gen 17, 70234 \u00d6rebro, Brickebackens Centrum), officiated by [&hellip;]<\/p>\n","protected":false},"author":1,"featured_media":1436,"comment_status":"closed","ping_status":"open","sticky":false,"template":"","format":"standard","meta":{"_jetpack_memberships_contains_paid_content":false,"footnotes":"","jetpack_publicize_message":"","jetpack_publicize_feature_enabled":true,"jetpack_social_post_already_shared":false,"jetpack_social_options":{"image_generator_settings":{"template":"highway","default_image_id":0,"font":"","enabled":false},"version":2}},"categories":[15],"tags":[],"class_list":["post-1435","post","type-post","status-publish","format-standard","has-post-thumbnail","hentry","category-news"],"aioseo_notices":[],"jetpack_publicize_connections":[],"jetpack_featured_media_url":"https:\/\/i0.wp.com\/gomos.se\/wp-content\/uploads\/2025\/10\/St-Demetrios-small.jpg?fit=650%2C364&ssl=1","jetpack_sharing_enabled":true,"jetpack-related-posts":[{"id":1442,"url":"https:\/\/gomos.se\/en\/hierarchical-divine-liturgy-at-the-st-nicholas-hermitage-in-rattvik\/","url_meta":{"origin":1435,"position":0},"title":"Hierarchical Divine Liturgy at the St. Nicholas Hermitage in R\u00e4ttvik","author":"mplexus","date":"October 21, 2025","format":false,"excerpt":"[:el][:]","rel":"","context":"In &quot;News&quot;","block_context":{"text":"News","link":"https:\/\/gomos.se\/en\/category\/news\/"},"img":{"alt_text":"[:el]St Nicholas Hermitage Rattvik[:]","src":"https:\/\/i0.wp.com\/gomos.se\/wp-content\/uploads\/2025\/10\/St-Nicholas-Hermitage-Rattvik.jpg?fit=1200%2C495&ssl=1&resize=350%2C200","width":350,"height":200,"srcset":"https:\/\/i0.wp.com\/gomos.se\/wp-content\/uploads\/2025\/10\/St-Nicholas-Hermitage-Rattvik.jpg?fit=1200%2C495&ssl=1&resize=350%2C200 1x, https:\/\/i0.wp.com\/gomos.se\/wp-content\/uploads\/2025\/10\/St-Nicholas-Hermitage-Rattvik.jpg?fit=1200%2C495&ssl=1&resize=525%2C300 1.5x, https:\/\/i0.wp.com\/gomos.se\/wp-content\/uploads\/2025\/10\/St-Nicholas-Hermitage-Rattvik.jpg?fit=1200%2C495&ssl=1&resize=700%2C400 2x, https:\/\/i0.wp.com\/gomos.se\/wp-content\/uploads\/2025\/10\/St-Nicholas-Hermitage-Rattvik.jpg?fit=1200%2C495&ssl=1&resize=1050%2C600 3x"},"classes":[]},{"id":1557,"url":"https:\/\/gomos.se\/en\/%cf%80%ce%b1%ce%bd%ce%ae%ce%b3%cf%85%cf%81%ce%b9%cf%82-%cf%83%cf%84%ce%b7%ce%bd-%ce%b5%ce%bd%ce%bf%cf%81%ce%af%ce%b1-%ce%b1%ce%b3%ce%af%cf%89%ce%bd-%ce%b4%ce%b7%ce%bc%ce%b7%cf%84%cf%81%ce%af%ce%bf\/","url_meta":{"origin":1435,"position":1},"title":"Metropolitan Cleopas of Sweden\u2019s Homily on St. Demetrios the Myrrh-Streamer, Sts. Demetrios and Nestor Parish, \u00d6rebro","author":"mplexus","date":"October 25, 2025","format":false,"excerpt":"[:en] \u00d6rebro, Saturday, October 25, 2025 Very Reverend and Rev. Fathers, Dearly Beloved Brothers and Sisters in Christ, Today, with reverence and great joy, we celebrate St. Demetrios of Thessaloniki, the glorious martyr and myrrh-streamer, whose steadfast faith continues to shine as a beacon of hope for the entire Church.\u2026","rel":"","context":"In &quot;Homilies&quot;","block_context":{"text":"Homilies","link":"https:\/\/gomos.se\/en\/category\/metropolitan\/homilies\/"},"img":{"alt_text":"","src":"https:\/\/i0.wp.com\/gomos.se\/wp-content\/uploads\/2025\/11\/featured-1.jpg?fit=700%2C527&ssl=1&resize=350%2C200","width":350,"height":200,"srcset":"https:\/\/i0.wp.com\/gomos.se\/wp-content\/uploads\/2025\/11\/featured-1.jpg?fit=700%2C527&ssl=1&resize=350%2C200 1x, https:\/\/i0.wp.com\/gomos.se\/wp-content\/uploads\/2025\/11\/featured-1.jpg?fit=700%2C527&ssl=1&resize=525%2C300 1.5x, https:\/\/i0.wp.com\/gomos.se\/wp-content\/uploads\/2025\/11\/featured-1.jpg?fit=700%2C527&ssl=1&resize=700%2C400 2x"},"classes":[]},{"id":1938,"url":"https:\/\/gomos.se\/en\/the-feast-of-saint-nicholas-at-the-finnish-parish-of-stockholm\/","url_meta":{"origin":1435,"position":2},"title":"The Feast of Saint Nicholas at the Finnish Parish of Stockholm","author":"mplexus","date":"December 11, 2025","format":false,"excerpt":"[:en] On the morning of Saturday, December 6, 2025, His Eminence Metropolitan Cleopas of Sweden and All Scandinavia presided over the Divine Liturgy in Chorostasia at the festal Finnish Parish of Saint Nicholas in Stockholm. Concelebrating with him were the Very Rev. Archimandrite Bartholomew Iatridis, Parish Priest of Saint George\u2026","rel":"","context":"In &quot;Homilies&quot;","block_context":{"text":"Homilies","link":"https:\/\/gomos.se\/en\/category\/metropolitan\/homilies\/"},"img":{"alt_text":"","src":"https:\/\/i0.wp.com\/gomos.se\/wp-content\/uploads\/2025\/12\/featured-3.jpg?fit=800%2C415&ssl=1&resize=350%2C200","width":350,"height":200,"srcset":"https:\/\/i0.wp.com\/gomos.se\/wp-content\/uploads\/2025\/12\/featured-3.jpg?fit=800%2C415&ssl=1&resize=350%2C200 1x, https:\/\/i0.wp.com\/gomos.se\/wp-content\/uploads\/2025\/12\/featured-3.jpg?fit=800%2C415&ssl=1&resize=525%2C300 1.5x, https:\/\/i0.wp.com\/gomos.se\/wp-content\/uploads\/2025\/12\/featured-3.jpg?fit=800%2C415&ssl=1&resize=700%2C400 2x"},"classes":[]},{"id":901,"url":"https:\/\/gomos.se\/en\/metropolitan-cleopas-of-sweden-the-divine-liturgy-in-the-swedish-language\/","url_meta":{"origin":1435,"position":3},"title":"Metropolitan Cleopas of Sweden, The Divine Liturgy in the Swedish Language","author":"mplexus","date":"September 6, 2025","format":false,"excerpt":"[:en] The Divine Liturgy is the \u201cheart\u201d of the life of the Church and the revelation of the Kingdom of God within the world. In the Divine Liturgy, the Word of God becomes accessible to the people, and the people, in turn, offer themselves to God through praise and thanksgiving.\u2026","rel":"","context":"In &quot;News&quot;","block_context":{"text":"News","link":"https:\/\/gomos.se\/en\/category\/news\/"},"img":{"alt_text":"","src":"https:\/\/i0.wp.com\/gomos.se\/wp-content\/uploads\/2025\/09\/featured-2.jpg?fit=700%2C394&ssl=1&resize=350%2C200","width":350,"height":200,"srcset":"https:\/\/i0.wp.com\/gomos.se\/wp-content\/uploads\/2025\/09\/featured-2.jpg?fit=700%2C394&ssl=1&resize=350%2C200 1x, https:\/\/i0.wp.com\/gomos.se\/wp-content\/uploads\/2025\/09\/featured-2.jpg?fit=700%2C394&ssl=1&resize=525%2C300 1.5x, https:\/\/i0.wp.com\/gomos.se\/wp-content\/uploads\/2025\/09\/featured-2.jpg?fit=700%2C394&ssl=1&resize=700%2C400 2x"},"classes":[]},{"id":2733,"url":"https:\/\/gomos.se\/en\/the-first-ordination-to-the-episcopacy-at-the-stockholm-cathedral\/","url_meta":{"origin":1435,"position":4},"title":"The First Ordination to the Episcopacy at the Stockholm Cathedral","author":"mplexus","date":"February 5, 2026","format":false,"excerpt":"[:en] At the beginning of the Triodion season, on Sunday, February 1st, 2026, with the permission and encouragement of His All-Holiness Ecumenical Patriarch Bartholomew, the ordination to the episcopacy of the Most Reverend Bishop-elect Bartholomew of Elaia was celebrated at the Saint George Cathedral of Stockholm. The service took place\u2026","rel":"","context":"In &quot;Homilies&quot;","block_context":{"text":"Homilies","link":"https:\/\/gomos.se\/en\/category\/metropolitan\/homilies\/"},"img":{"alt_text":"","src":"https:\/\/i0.wp.com\/gomos.se\/wp-content\/uploads\/2026\/02\/featured.jpg?fit=800%2C421&ssl=1&resize=350%2C200","width":350,"height":200,"srcset":"https:\/\/i0.wp.com\/gomos.se\/wp-content\/uploads\/2026\/02\/featured.jpg?fit=800%2C421&ssl=1&resize=350%2C200 1x, https:\/\/i0.wp.com\/gomos.se\/wp-content\/uploads\/2026\/02\/featured.jpg?fit=800%2C421&ssl=1&resize=525%2C300 1.5x, https:\/\/i0.wp.com\/gomos.se\/wp-content\/uploads\/2026\/02\/featured.jpg?fit=800%2C421&ssl=1&resize=700%2C400 2x"},"classes":[]},{"id":4228,"url":"https:\/\/gomos.se\/en\/photos-from-the-easter-divine-liturgy-at-the-st-george-cathedral-of-stockholm\/","url_meta":{"origin":1435,"position":5},"title":"Photos from the Easter Divine Liturgy at the St. George Cathedral of Stockholm 2026","author":"mplexus","date":"April 14, 2026","format":false,"excerpt":"[:en] [:el] [:]","rel":"","context":"In &quot;News&quot;","block_context":{"text":"News","link":"https:\/\/gomos.se\/en\/category\/news\/"},"img":{"alt_text":"","src":"https:\/\/i0.wp.com\/gomos.se\/wp-content\/uploads\/2026\/04\/featured2.jpg?fit=800%2C425&ssl=1&resize=350%2C200","width":350,"height":200,"srcset":"https:\/\/i0.wp.com\/gomos.se\/wp-content\/uploads\/2026\/04\/featured2.jpg?fit=800%2C425&ssl=1&resize=350%2C200 1x, https:\/\/i0.wp.com\/gomos.se\/wp-content\/uploads\/2026\/04\/featured2.jpg?fit=800%2C425&ssl=1&resize=525%2C300 1.5x, https:\/\/i0.wp.com\/gomos.se\/wp-content\/uploads\/2026\/04\/featured2.jpg?fit=800%2C425&ssl=1&resize=700%2C400 2x"},"classes":[]}],"_links":{"self":[{"href":"https:\/\/gomos.se\/en\/wp-json\/wp\/v2\/posts\/1435","targetHints":{"allow":["GET"]}}],"collection":[{"href":"https:\/\/gomos.se\/en\/wp-json\/wp\/v2\/posts"}],"about":[{"href":"https:\/\/gomos.se\/en\/wp-json\/wp\/v2\/types\/post"}],"author":[{"embeddable":true,"href":"https:\/\/gomos.se\/en\/wp-json\/wp\/v2\/users\/1"}],"replies":[{"embeddable":true,"href":"https:\/\/gomos.se\/en\/wp-json\/wp\/v2\/comments?post=1435"}],"version-history":[{"count":3,"href":"https:\/\/gomos.se\/en\/wp-json\/wp\/v2\/posts\/1435\/revisions"}],"predecessor-version":[{"id":1441,"href":"https:\/\/gomos.se\/en\/wp-json\/wp\/v2\/posts\/1435\/revisions\/1441"}],"wp:featuredmedia":[{"embeddable":true,"href":"https:\/\/gomos.se\/en\/wp-json\/wp\/v2\/media\/1436"}],"wp:attachment":[{"href":"https:\/\/gomos.se\/en\/wp-json\/wp\/v2\/media?parent=1435"}],"wp:term":[{"taxonomy":"category","embeddable":true,"href":"https:\/\/gomos.se\/en\/wp-json\/wp\/v2\/categories?post=1435"},{"taxonomy":"post_tag","embeddable":true,"href":"https:\/\/gomos.se\/en\/wp-json\/wp\/v2\/tags?post=1435"}],"curies":[{"name":"wp","href":"https:\/\/api.w.org\/{rel}","templated":true}]}}