{"id":1811,"date":"2025-11-27T19:03:11","date_gmt":"2025-11-27T17:03:11","guid":{"rendered":"https:\/\/gomos.se\/en\/?p=1811"},"modified":"2025-11-27T19:04:31","modified_gmt":"2025-11-27T17:04:31","slug":"pastoral-visit-of-metropolitan-cleopas-to-vasteras-sweden","status":"publish","type":"post","link":"https:\/\/gomos.se\/en\/pastoral-visit-of-metropolitan-cleopas-to-vasteras-sweden\/","title":{"rendered":"Pastoral Visit of Metropolitan Cleopas to V\u00e4ster\u00e5s, Sweden"},"content":{"rendered":"\n<p>On Saturday, following the Feast of the Entry of the Theotokos into the Temple and the commemoration of our Venerable Saint Iakovos, the new Ascetic of Evia, 22 November 2025, His Eminence Metropolitan Cleopas of Sweden and All Scandinavia, accompanied by the Very Reverend Archimandrite Bartholomew Iatridis, Pastor of the St. George Cathedral of Stockholm, and the Reverend Oikonomos George Arvanitidis, Pastor of the Saints Demetrios and Nestor Parish of \u00d6rebro, presided at the service held in the Gideonsbergskyrkan in V\u00e4ster\u00e5s, Sweden, which was graciously made available by the Lutheran Church.<\/p>\n\n\n\n<div class=\"wp-block-jetpack-tiled-gallery aligncenter is-style-rectangular\"><div class=\"\"><div class=\"tiled-gallery__gallery\"><div class=\"tiled-gallery__row\"><div class=\"tiled-gallery__col\" style=\"flex-basis:29.92800%\"><figure class=\"tiled-gallery__item\"><a href=\"https:\/\/i0.wp.com\/gomos.se\/wp-content\/uploads\/2025\/11\/PXL_20251122_090802351-1024x601.jpg?ssl=1\"><img decoding=\"async\" srcset=\"https:\/\/i0.wp.com\/gomos.se\/wp-content\/uploads\/2025\/11\/PXL_20251122_090802351-1024x601.jpg?strip=info&amp;w=600&amp;ssl=1 600w,https:\/\/i0.wp.com\/gomos.se\/wp-content\/uploads\/2025\/11\/PXL_20251122_090802351-1024x601.jpg?strip=info&amp;w=900&amp;ssl=1 900w,https:\/\/i0.wp.com\/gomos.se\/wp-content\/uploads\/2025\/11\/PXL_20251122_090802351-1024x601.jpg?strip=info&amp;w=1200&amp;ssl=1 1200w,https:\/\/i0.wp.com\/gomos.se\/wp-content\/uploads\/2025\/11\/PXL_20251122_090802351-1024x601.jpg?strip=info&amp;w=1300&amp;ssl=1 1300w\" alt=\"\" data-height=\"763\" data-id=\"1813\" data-link=\"https:\/\/gomos.se\/en\/?attachment_id=1813\" data-url=\"https:\/\/gomos.se\/wp-content\/uploads\/2025\/11\/PXL_20251122_090802351-1024x601.jpg\" data-width=\"1300\" src=\"https:\/\/i0.wp.com\/gomos.se\/wp-content\/uploads\/2025\/11\/PXL_20251122_090802351-1024x601.jpg?ssl=1\" data-amp-layout=\"responsive\"\/><\/a><\/figure><\/div><div class=\"tiled-gallery__col\" style=\"flex-basis:23.35733%\"><figure class=\"tiled-gallery__item\"><a href=\"https:\/\/i0.wp.com\/gomos.se\/wp-content\/uploads\/2025\/11\/PXL_20251122_102556062-1024x771.jpg?ssl=1\"><img decoding=\"async\" srcset=\"https:\/\/i0.wp.com\/gomos.se\/wp-content\/uploads\/2025\/11\/PXL_20251122_102556062-1024x771.jpg?strip=info&amp;w=600&amp;ssl=1 600w,https:\/\/i0.wp.com\/gomos.se\/wp-content\/uploads\/2025\/11\/PXL_20251122_102556062-1024x771.jpg?strip=info&amp;w=900&amp;ssl=1 900w,https:\/\/i0.wp.com\/gomos.se\/wp-content\/uploads\/2025\/11\/PXL_20251122_102556062-1024x771.jpg?strip=info&amp;w=1200&amp;ssl=1 1200w,https:\/\/i0.wp.com\/gomos.se\/wp-content\/uploads\/2025\/11\/PXL_20251122_102556062-1024x771.jpg?strip=info&amp;w=1300&amp;ssl=1 1300w\" alt=\"\" data-height=\"979\" data-id=\"1814\" data-link=\"https:\/\/gomos.se\/en\/?attachment_id=1814\" data-url=\"https:\/\/gomos.se\/wp-content\/uploads\/2025\/11\/PXL_20251122_102556062-1024x771.jpg\" data-width=\"1300\" src=\"https:\/\/i0.wp.com\/gomos.se\/wp-content\/uploads\/2025\/11\/PXL_20251122_102556062-1024x771.jpg?ssl=1\" data-amp-layout=\"responsive\"\/><\/a><\/figure><\/div><div class=\"tiled-gallery__col\" style=\"flex-basis:23.35733%\"><figure class=\"tiled-gallery__item\"><a href=\"https:\/\/i0.wp.com\/gomos.se\/wp-content\/uploads\/2025\/11\/PXL_20251122_104703070-1024x771.jpg?ssl=1\"><img decoding=\"async\" srcset=\"https:\/\/i0.wp.com\/gomos.se\/wp-content\/uploads\/2025\/11\/PXL_20251122_104703070-1024x771.jpg?strip=info&amp;w=600&amp;ssl=1 600w,https:\/\/i0.wp.com\/gomos.se\/wp-content\/uploads\/2025\/11\/PXL_20251122_104703070-1024x771.jpg?strip=info&amp;w=900&amp;ssl=1 900w,https:\/\/i0.wp.com\/gomos.se\/wp-content\/uploads\/2025\/11\/PXL_20251122_104703070-1024x771.jpg?strip=info&amp;w=1200&amp;ssl=1 1200w,https:\/\/i0.wp.com\/gomos.se\/wp-content\/uploads\/2025\/11\/PXL_20251122_104703070-1024x771.jpg?strip=info&amp;w=1300&amp;ssl=1 1300w\" alt=\"\" data-height=\"979\" data-id=\"1815\" data-link=\"https:\/\/gomos.se\/en\/?attachment_id=1815\" data-url=\"https:\/\/gomos.se\/wp-content\/uploads\/2025\/11\/PXL_20251122_104703070-1024x771.jpg\" data-width=\"1300\" src=\"https:\/\/i0.wp.com\/gomos.se\/wp-content\/uploads\/2025\/11\/PXL_20251122_104703070-1024x771.jpg?ssl=1\" data-amp-layout=\"responsive\"\/><\/a><\/figure><\/div><div class=\"tiled-gallery__col\" style=\"flex-basis:23.35733%\"><figure class=\"tiled-gallery__item\"><a href=\"https:\/\/i0.wp.com\/gomos.se\/wp-content\/uploads\/2025\/11\/PXL_20251122_105613613-1024x771.jpg?ssl=1\"><img decoding=\"async\" srcset=\"https:\/\/i0.wp.com\/gomos.se\/wp-content\/uploads\/2025\/11\/PXL_20251122_105613613-1024x771.jpg?strip=info&amp;w=600&amp;ssl=1 600w,https:\/\/i0.wp.com\/gomos.se\/wp-content\/uploads\/2025\/11\/PXL_20251122_105613613-1024x771.jpg?strip=info&amp;w=900&amp;ssl=1 900w,https:\/\/i0.wp.com\/gomos.se\/wp-content\/uploads\/2025\/11\/PXL_20251122_105613613-1024x771.jpg?strip=info&amp;w=1200&amp;ssl=1 1200w,https:\/\/i0.wp.com\/gomos.se\/wp-content\/uploads\/2025\/11\/PXL_20251122_105613613-1024x771.jpg?strip=info&amp;w=1300&amp;ssl=1 1300w\" alt=\"\" data-height=\"979\" data-id=\"1816\" data-link=\"https:\/\/gomos.se\/en\/?attachment_id=1816\" data-url=\"https:\/\/gomos.se\/wp-content\/uploads\/2025\/11\/PXL_20251122_105613613-1024x771.jpg\" data-width=\"1300\" src=\"https:\/\/i0.wp.com\/gomos.se\/wp-content\/uploads\/2025\/11\/PXL_20251122_105613613-1024x771.jpg?ssl=1\" data-amp-layout=\"responsive\"\/><\/a><\/figure><\/div><\/div><\/div><\/div><\/div>\n\n\n\n<p>The hymns of the day were rendered by a five-member youth choir under the direction of Dr. Andreas Selamsis, Protopsaltis of the Stockholm Cathedral.<\/p>\n\n\n\n<p>In his homily, the Hierarch of the Northern Lands of the Mother Church referred to the significance of the Feast of the Entry of the Theotokos into the Temple as a prelude to the Great Feast of Christmas, stating:<\/p>\n\n\n\n<p>\u201cOnly yesterday our Church celebrated the Entry of the Theotokos, a feast that opens before us a window looking directly toward the joy of Christmas.<\/p>\n\n\n\n<p>The Entry is not simply a feast of the Virgin Mary; it is the first light of the Birth of Christ, the dawn before the Sun of Righteousness appears.<\/p>\n\n\n\n<p>Without the Entry, there would be no Christmas. Without the preparation of the Theotokos, there would be no Incarnation. Without the sanctification of the Mother, the Savior would not have come into the world.<\/p>\n\n\n\n<p>Christmas is the moment when \u2018the Word became flesh.\u2019 The preparation for this moment begins with the entry of the Virgin Mary into the Temple. The three-year-old Mary enters the Holy of Holies to become herself the ark of the new Law, the living Temple, the sanctified earth from which Christ will spring forth.<\/p>\n\n\n\n<p>Just as the earth must be cultivated before it receives the seed, so too the Virgin is prepared before receiving Christ. The Entry is therefore the first chapter of Christmas.<\/p>\n\n\n\n<p>Christmas means \u2018Emmanuel\u2014God with us.\u2019 And for God to dwell among us, there had to be a place free of any shadow of sin. That place is the Theotokos.<\/p>\n\n\n\n<p>The Church sings: \u2018The Temple of God is led into the Temple of God.\u2019 The Virgin enters the handmade temple to become the uncreated Temple\u2014the place where the eternal God will take on human flesh. This is why the Entry is the mystical beginning of the Incarnation.<\/p>\n\n\n\n<p>What is Christmas? It is the condescension of God, who descends into poverty, into flesh, into human life. This condescension already begins with the Entry. God sees the childlike soul of Mary, purer than the angels, and finds in her a place of rest. Before God takes on human flesh, He prepares the heart that will contain Him. This is why the Fathers of the Church call the Entry \u2018the forefeast of the Nativity.\u2019<\/p>\n\n\n\n<p>What begins today is completed in Bethlehem. The Entry is the opening of the gate; Christmas is the entrance of God into the world.<\/p>\n\n\n\n<p>Today the Theotokos enters the temple. Tomorrow, at Christmas, Christ calls us to allow Him to enter the temple of our own hearts. But for this to happen, we must do what she did; purify our hearts, pray, humble ourselves, fast, and allow Grace to sanctify us. Only then will Christmas not be an external celebration but an inner Birth of Christ within us.<\/p>\n\n\n\n<p>The Entry is the Divine preparation. Christmas is the Divine revelation. At the Entry, the Theotokos enters the Temple. At Christmas, God enters the world. Today the Mother of Life is brought into the Temple. In a few days, the Giver of Life will be born.<\/p>\n\n\n\n<p>Let us also prepare ourselves, so that when Christmas night arrives, Christ may find within us a pure temple, a humble heart, a soul filled with love. May the Theotokos, who today opens the way of salvation, lead us to the Christ who is coming in flesh. Amen.\u201d<\/p>\n\n\n\n<p>In conclusion, the Metropolitan thanked the priests who accompanied him, the choir members, and the congregation, especially Mrs. Britt Marie Zotos, who worked diligently in preparing and offering the refreshments that followed in the hall adjacent to the church.<\/p>\n\n\n\n<p>He also presented his recently published study, issued by the <em>Apostoliki Diakonia of the Church of Greece, <\/em>on the late Metropolitan Polyefktos of Sweden, to Professor Dr. Christos Papachristodoulou of V\u00e4ster\u00e5s University.<\/p>\n\n\n\n<p>In the church\u2019s reception hall, His Eminence had the opportunity to converse with members of the Greek community of V\u00e4ster\u00e5s, who repeatedly expressed their gratitude for the spiritual opportunity of the day\u2019s gathering.<\/p>\n\n\n\n<p>In the afternoon, Metropolitan Cleopas returned by train to the headquarters of his Metropolis in Stockholm, accompanied by Fr. Bartholomew.<\/p>\n","protected":false},"excerpt":{"rendered":"<p>On Saturday, following the Feast of the Entry of the Theotokos into the Temple and the commemoration of our Venerable Saint Iakovos, the new Ascetic of Evia, 22 November 2025, His Eminence Metropolitan Cleopas of Sweden and All Scandinavia, accompanied by the Very Reverend Archimandrite Bartholomew Iatridis, Pastor of the St. George Cathedral of Stockholm, [&hellip;]<\/p>\n","protected":false},"author":1,"featured_media":1812,"comment_status":"closed","ping_status":"open","sticky":false,"template":"","format":"standard","meta":{"_jetpack_memberships_contains_paid_content":false,"footnotes":"","jetpack_publicize_message":"","jetpack_publicize_feature_enabled":true,"jetpack_social_post_already_shared":true,"jetpack_social_options":{"image_generator_settings":{"template":"highway","default_image_id":0,"font":"","enabled":false},"version":2}},"categories":[15],"tags":[],"class_list":["post-1811","post","type-post","status-publish","format-standard","has-post-thumbnail","hentry","category-news"],"aioseo_notices":[],"jetpack_publicize_connections":[],"jetpack_featured_media_url":"https:\/\/i0.wp.com\/gomos.se\/wp-content\/uploads\/2025\/11\/featured-12.jpg?fit=700%2C328&ssl=1","jetpack_sharing_enabled":true,"jetpack-related-posts":[{"id":4469,"url":"https:\/\/gomos.se\/en\/two-new-clergymen-join-the-holy-metropolis-of-sweden\/","url_meta":{"origin":1811,"position":0},"title":"Two New Clergymen Join the Holy Metropolis of Sweden","author":"mplexus","date":"April 19, 2026","format":false,"excerpt":"[:en] The Holy Metropolis of Sweden and All Scandinavia is pleased to announce, in the radiant joy of the Resurrection, the addition of two new volunteer clergy members to its ecclesiastical body. Their inclusion aims to further support and strengthen the Metropolis\u2019 ongoing missionary and pastoral ministry across Scandinavia. This\u2026","rel":"","context":"In &quot;News&quot;","block_context":{"text":"News","link":"https:\/\/gomos.se\/en\/category\/news\/"},"img":{"alt_text":"","src":"https:\/\/i0.wp.com\/gomos.se\/wp-content\/uploads\/2026\/04\/featured-21.jpg?fit=800%2C384&ssl=1&resize=350%2C200","width":350,"height":200,"srcset":"https:\/\/i0.wp.com\/gomos.se\/wp-content\/uploads\/2026\/04\/featured-21.jpg?fit=800%2C384&ssl=1&resize=350%2C200 1x, https:\/\/i0.wp.com\/gomos.se\/wp-content\/uploads\/2026\/04\/featured-21.jpg?fit=800%2C384&ssl=1&resize=525%2C300 1.5x, https:\/\/i0.wp.com\/gomos.se\/wp-content\/uploads\/2026\/04\/featured-21.jpg?fit=800%2C384&ssl=1&resize=700%2C400 2x"},"classes":[]},{"id":2560,"url":"https:\/\/gomos.se\/en\/the-holy-metropolis-of-sweden-on-the-election-of-his-grace-bishop-bartholomew-of-elaia\/","url_meta":{"origin":1811,"position":1},"title":"The Holy Metropolis of Sweden on the Election of His Grace Bishop Bartholomew of Elaia","author":"mplexus","date":"January 17, 2026","format":false,"excerpt":"[:en] Following the conclusion of the proceedings of the Holy and Sacred Synod of the Ecumenical Patriarchate, convened on January 8 and 9, 2026 respectively, and during the first session of the first day, upon the return of His Eminence Metropolitan Cleopas of Sweden and All Scandinavia to his see\u2026","rel":"","context":"In &quot;Homilies&quot;","block_context":{"text":"Homilies","link":"https:\/\/gomos.se\/en\/category\/metropolitan\/homilies\/"},"img":{"alt_text":"","src":"https:\/\/i0.wp.com\/gomos.se\/wp-content\/uploads\/2026\/01\/featured-5.jpg?fit=800%2C458&ssl=1&resize=350%2C200","width":350,"height":200,"srcset":"https:\/\/i0.wp.com\/gomos.se\/wp-content\/uploads\/2026\/01\/featured-5.jpg?fit=800%2C458&ssl=1&resize=350%2C200 1x, https:\/\/i0.wp.com\/gomos.se\/wp-content\/uploads\/2026\/01\/featured-5.jpg?fit=800%2C458&ssl=1&resize=525%2C300 1.5x, https:\/\/i0.wp.com\/gomos.se\/wp-content\/uploads\/2026\/01\/featured-5.jpg?fit=800%2C458&ssl=1&resize=700%2C400 2x"},"classes":[]},{"id":1659,"url":"https:\/\/gomos.se\/en\/celebration-of-saint-nectarios-at-the-stockholm-cathedral\/","url_meta":{"origin":1811,"position":2},"title":"Celebration of Saint Nectarios at the Stockholm Cathedral","author":"mplexus","date":"November 10, 2025","format":false,"excerpt":"[:en] On Sunday morning, November 9, 2025, His Eminence Metropolitan Cleopas of Sweden and All Scandinavia celebrated the Divine Liturgy at the Saint George Cathedral of Stockholm, in honor of the feast of our Father among the Saints, Nectarios, Metropolitan of Pentapolis of Libya, patron saint of the island of\u2026","rel":"","context":"In &quot;News&quot;","block_context":{"text":"News","link":"https:\/\/gomos.se\/en\/category\/news\/"},"img":{"alt_text":"","src":"https:\/\/i0.wp.com\/gomos.se\/wp-content\/uploads\/2025\/11\/featured-6.jpg?fit=650%2C315&ssl=1&resize=350%2C200","width":350,"height":200,"srcset":"https:\/\/i0.wp.com\/gomos.se\/wp-content\/uploads\/2025\/11\/featured-6.jpg?fit=650%2C315&ssl=1&resize=350%2C200 1x, https:\/\/i0.wp.com\/gomos.se\/wp-content\/uploads\/2025\/11\/featured-6.jpg?fit=650%2C315&ssl=1&resize=525%2C300 1.5x"},"classes":[]},{"id":4090,"url":"https:\/\/gomos.se\/en\/his-eminence-metropolitan-cleopas-of-swedens-homily-at-the-ordination-to-the-prieshood-of-the-rev-dr-christian-nils-krister-tano\/","url_meta":{"origin":1811,"position":3},"title":"His Eminence Metropolitan Cleopas of Sweden\u2019s Homily at the Ordination to the Prieshood of the Rev. Dr. Christian Nils Krister Tano","author":"mplexus","date":"April 5, 2026","format":false,"excerpt":"[:en] St. George Cathedral of Stockholm Palm Sunday, April 5, 2026Your Grace Bishop Bartholomew of Elaia,Rev. Protopresbyter Fr. George,V. Rev. Hieromonk Fr. Ieronymos,Rev. Deacon Christian,Dearly Beloved Brothers and Sisters in Christ, On this luminous day when we celebrate the triumphant entry of our Lord into Jerusalem, we gather in joy\u2026","rel":"","context":"In &quot;Homilies&quot;","block_context":{"text":"Homilies","link":"https:\/\/gomos.se\/en\/category\/metropolitan\/homilies\/"},"img":{"alt_text":"","src":"https:\/\/i0.wp.com\/gomos.se\/wp-content\/uploads\/2026\/04\/featured-7.jpg?fit=800%2C460&ssl=1&resize=350%2C200","width":350,"height":200,"srcset":"https:\/\/i0.wp.com\/gomos.se\/wp-content\/uploads\/2026\/04\/featured-7.jpg?fit=800%2C460&ssl=1&resize=350%2C200 1x, https:\/\/i0.wp.com\/gomos.se\/wp-content\/uploads\/2026\/04\/featured-7.jpg?fit=800%2C460&ssl=1&resize=525%2C300 1.5x, https:\/\/i0.wp.com\/gomos.se\/wp-content\/uploads\/2026\/04\/featured-7.jpg?fit=800%2C460&ssl=1&resize=700%2C400 2x"},"classes":[]},{"id":4457,"url":"https:\/\/gomos.se\/en\/thyranoixia-of-the-saint-tychon-the-athonite-parish-in-lulea-sweden\/","url_meta":{"origin":1811,"position":4},"title":"Thyranoixia of the Saint Tychon the Athonite Parish in Lule\u00e5, Sweden","author":"mplexus","date":"April 19, 2026","format":false,"excerpt":"[:en] The Holy Metropolis of Sweden and All Scandinavia is pleased to announce to the faithful of the Mother Church in Scandinavia that the ordination of its new volunteer clergyman, the Reverend Protopresbyter Dr. Christian (Nils Krister) Tano, who is both a physician and a theologian, took place on Lazarus\u2026","rel":"","context":"In &quot;News&quot;","block_context":{"text":"News","link":"https:\/\/gomos.se\/en\/category\/news\/"},"img":{"alt_text":"","src":"https:\/\/i0.wp.com\/gomos.se\/wp-content\/uploads\/2026\/04\/671582901_1254245270195214_3792843578160532232_n.jpg?fit=784%2C392&ssl=1&resize=350%2C200","width":350,"height":200,"srcset":"https:\/\/i0.wp.com\/gomos.se\/wp-content\/uploads\/2026\/04\/671582901_1254245270195214_3792843578160532232_n.jpg?fit=784%2C392&ssl=1&resize=350%2C200 1x, https:\/\/i0.wp.com\/gomos.se\/wp-content\/uploads\/2026\/04\/671582901_1254245270195214_3792843578160532232_n.jpg?fit=784%2C392&ssl=1&resize=525%2C300 1.5x, https:\/\/i0.wp.com\/gomos.se\/wp-content\/uploads\/2026\/04\/671582901_1254245270195214_3792843578160532232_n.jpg?fit=784%2C392&ssl=1&resize=700%2C400 2x"},"classes":[]},{"id":1205,"url":"https:\/\/gomos.se\/en\/metropolitan-cleopas-of-sweden-conducted-the-agiasmos-service-at-the-greek-school-of-stockholm\/","url_meta":{"origin":1811,"position":5},"title":"Metropolitan Cleopas of Sweden Conducted the Agiasmos Service at the Greek School of Stockholm","author":"mplexus","date":"September 20, 2025","format":false,"excerpt":"[:en] On the morning of Saturday, September 20, 2025, His Eminence Metropolitan Cleopas of Sweden and All Scandinavia, accompanied by the Very Reverend Archimandrite Bartholomew Iatridis, parish priest of the Cathedral of Saint George in Stockholm, and responding to the kind and honorable invitation of the Board of Directors of\u2026","rel":"","context":"In &quot;News&quot;","block_context":{"text":"News","link":"https:\/\/gomos.se\/en\/category\/news\/"},"img":{"alt_text":"","src":"https:\/\/i0.wp.com\/gomos.se\/wp-content\/uploads\/2025\/09\/featured-6.jpg?fit=650%2C366&ssl=1&resize=350%2C200","width":350,"height":200,"srcset":"https:\/\/i0.wp.com\/gomos.se\/wp-content\/uploads\/2025\/09\/featured-6.jpg?fit=650%2C366&ssl=1&resize=350%2C200 1x, https:\/\/i0.wp.com\/gomos.se\/wp-content\/uploads\/2025\/09\/featured-6.jpg?fit=650%2C366&ssl=1&resize=525%2C300 1.5x"},"classes":[]}],"_links":{"self":[{"href":"https:\/\/gomos.se\/en\/wp-json\/wp\/v2\/posts\/1811","targetHints":{"allow":["GET"]}}],"collection":[{"href":"https:\/\/gomos.se\/en\/wp-json\/wp\/v2\/posts"}],"about":[{"href":"https:\/\/gomos.se\/en\/wp-json\/wp\/v2\/types\/post"}],"author":[{"embeddable":true,"href":"https:\/\/gomos.se\/en\/wp-json\/wp\/v2\/users\/1"}],"replies":[{"embeddable":true,"href":"https:\/\/gomos.se\/en\/wp-json\/wp\/v2\/comments?post=1811"}],"version-history":[{"count":3,"href":"https:\/\/gomos.se\/en\/wp-json\/wp\/v2\/posts\/1811\/revisions"}],"predecessor-version":[{"id":1819,"href":"https:\/\/gomos.se\/en\/wp-json\/wp\/v2\/posts\/1811\/revisions\/1819"}],"wp:featuredmedia":[{"embeddable":true,"href":"https:\/\/gomos.se\/en\/wp-json\/wp\/v2\/media\/1812"}],"wp:attachment":[{"href":"https:\/\/gomos.se\/en\/wp-json\/wp\/v2\/media?parent=1811"}],"wp:term":[{"taxonomy":"category","embeddable":true,"href":"https:\/\/gomos.se\/en\/wp-json\/wp\/v2\/categories?post=1811"},{"taxonomy":"post_tag","embeddable":true,"href":"https:\/\/gomos.se\/en\/wp-json\/wp\/v2\/tags?post=1811"}],"curies":[{"name":"wp","href":"https:\/\/api.w.org\/{rel}","templated":true}]}}