{"id":4698,"date":"2026-05-02T00:18:24","date_gmt":"2026-05-01T22:18:24","guid":{"rendered":"https:\/\/gomos.se\/en\/?p=4698"},"modified":"2026-05-02T00:24:54","modified_gmt":"2026-05-01T22:24:54","slug":"hierarchical-divine-liturgy-at-the-apostle-bartholomew-parish-in-reykjavik-iceland","status":"publish","type":"post","link":"https:\/\/gomos.se\/en\/hierarchical-divine-liturgy-at-the-apostle-bartholomew-parish-in-reykjavik-iceland\/","title":{"rendered":"Hierarchical Divine Liturgy at the Apostle Bartholomew Parish, in Reykjav\u00edk, Iceland"},"content":{"rendered":"\n<p>It is announced with great joy that on Saturday, May 16, 2026, at 10:00 a.m., with the canonical blessing and encouragement of His Eminence Metropolitan Cleopas of Sweden and All Scandinavia, His Grace Bishop Bartholomew of Elaia will officiate the Divine Liturgy at the Parish of Apostle Bartholomew in Reykjav\u00edk, Iceland, at the chapel of Fri\u00f0rikskapella, located in the city of Reykjav\u00edk (43MG+MJR, 102 Reykjav\u00edk, Iceland).<\/p>\n\n\n\n<p>Furthermore, on the afternoon of the previous day, Friday, May 15, 2026, at 5:30 p.m., in the hall located at H\u00e1teigsvegur 42, 105 Reykjav\u00edkurborg, Iceland, His Grace will meet with members of the local Greek Community.<\/p>\n\n\n\n<p>Greek expatriates and residents of the wider area are also invited to attend, so that matters concerning the progress of the parish may be discussed.<\/p>\n\n\n\n<p>Our Christians living in the broader region are invited to participate in this Hierarchical Divine Liturgy and to exchange Paschal greetings.<\/p>\n\n\n\n<p><\/p>\n\n\n\n<figure class=\"wp-block-gallery has-nested-images columns-default is-cropped wp-block-gallery-1 is-layout-flex wp-block-gallery-is-layout-flex\">\n<figure class=\"wp-block-image size-large\"><img data-recalc-dims=\"1\" loading=\"lazy\" decoding=\"async\" width=\"1024\" height=\"768\" data-id=\"4703\" src=\"https:\/\/i0.wp.com\/gomos.se\/wp-content\/uploads\/2026\/05\/682156745_1263928489226892_8212422992647323354_n.jpg?resize=1024%2C768&#038;ssl=1\" alt=\"\" class=\"wp-image-4703\"\/><\/figure>\n\n\n\n<figure class=\"wp-block-image size-large\"><img data-recalc-dims=\"1\" loading=\"lazy\" decoding=\"async\" width=\"2048\" height=\"1542\" data-id=\"4702\" src=\"https:\/\/i0.wp.com\/gomos.se\/wp-content\/uploads\/2026\/05\/680089442_1263928512560223_8917260516443611966_n.jpg?resize=2048%2C1542&#038;ssl=1\" alt=\"\" class=\"wp-image-4702\"\/><\/figure>\n<\/figure>\n\n\n\n<p><\/p>\n","protected":false},"excerpt":{"rendered":"<p>It is announced with great joy that on Saturday, May 16, 2026, at 10:00 a.m., with the canonical blessing and encouragement of His Eminence Metropolitan Cleopas of Sweden and All Scandinavia, His Grace Bishop Bartholomew of Elaia will officiate the Divine Liturgy at the Parish of Apostle Bartholomew in Reykjav\u00edk, Iceland, at the chapel of [&hellip;]<\/p>\n","protected":false},"author":1,"featured_media":4701,"comment_status":"closed","ping_status":"open","sticky":false,"template":"","format":"standard","meta":{"_jetpack_memberships_contains_paid_content":false,"footnotes":"","jetpack_publicize_message":"","jetpack_publicize_feature_enabled":true,"jetpack_social_post_already_shared":true,"jetpack_social_options":{"image_generator_settings":{"template":"highway","default_image_id":0,"font":"","enabled":false},"version":2}},"categories":[15],"tags":[],"class_list":["post-4698","post","type-post","status-publish","format-standard","has-post-thumbnail","hentry","category-news"],"aioseo_notices":[],"jetpack_publicize_connections":[],"jetpack_featured_media_url":"https:\/\/i0.wp.com\/gomos.se\/wp-content\/uploads\/2026\/05\/featured.jpg?fit=800%2C445&ssl=1","jetpack_sharing_enabled":true,"jetpack-related-posts":[{"id":221,"url":"https:\/\/gomos.se\/en\/%ce%b1%cf%86%ce%af%cf%87%ce%b8%ce%b7-%cf%83%cf%84%ce%b7%ce%bd-%cf%83%cf%84%ce%bf%ce%ba%cf%87%cf%8c%ce%bb%ce%bc%ce%b7-%ce%bf-%ce%bf%ce%b9%ce%ba%ce%bf%cf%85%ce%bc%ce%b5%ce%bd%ce%b9%ce%ba%cf%8c%cf%82\/","url_meta":{"origin":4698,"position":0},"title":"Ecumenical Patriarch Bartholomew Arrives in Stockholm","author":"mplexus","date":"August 21, 2025","format":false,"excerpt":"[:en] The Holy Metropolis of Sweden and All Scandinavia and its Shepherd, His Eminence Metropolitan Cleopas, welcomed His All-Holiness, Ecumenical Patriarch Bartholomew, yesterday afternoon, Thursday, August 21, 2025, at Arlanda Airport in Stockholm. Responding to the kind invitation of His Eminence Archbishop Martin Mod\u00e9us of Uppsala and Primate of the\u2026","rel":"","context":"In &quot;Ecumenical Patriarch in Stockholm 2025&quot;","block_context":{"text":"Ecumenical Patriarch in Stockholm 2025","link":"https:\/\/gomos.se\/en\/category\/news\/ecumenical-patriarch-in-stockholm-2025\/"},"img":{"alt_text":"","src":"https:\/\/i0.wp.com\/gomos.se\/wp-content\/uploads\/2025\/08\/featured-2.jpg?fit=600%2C303&ssl=1&resize=350%2C200","width":350,"height":200,"srcset":"https:\/\/i0.wp.com\/gomos.se\/wp-content\/uploads\/2025\/08\/featured-2.jpg?fit=600%2C303&ssl=1&resize=350%2C200 1x, https:\/\/i0.wp.com\/gomos.se\/wp-content\/uploads\/2025\/08\/featured-2.jpg?fit=600%2C303&ssl=1&resize=525%2C300 1.5x"},"classes":[]},{"id":1938,"url":"https:\/\/gomos.se\/en\/the-feast-of-saint-nicholas-at-the-finnish-parish-of-stockholm\/","url_meta":{"origin":4698,"position":1},"title":"The Feast of Saint Nicholas at the Finnish Parish of Stockholm","author":"mplexus","date":"December 11, 2025","format":false,"excerpt":"[:en] On the morning of Saturday, December 6, 2025, His Eminence Metropolitan Cleopas of Sweden and All Scandinavia presided over the Divine Liturgy in Chorostasia at the festal Finnish Parish of Saint Nicholas in Stockholm. Concelebrating with him were the Very Rev. Archimandrite Bartholomew Iatridis, Parish Priest of Saint George\u2026","rel":"","context":"In &quot;Homilies&quot;","block_context":{"text":"Homilies","link":"https:\/\/gomos.se\/en\/category\/metropolitan\/homilies\/"},"img":{"alt_text":"","src":"https:\/\/i0.wp.com\/gomos.se\/wp-content\/uploads\/2025\/12\/featured-3.jpg?fit=800%2C415&ssl=1&resize=350%2C200","width":350,"height":200,"srcset":"https:\/\/i0.wp.com\/gomos.se\/wp-content\/uploads\/2025\/12\/featured-3.jpg?fit=800%2C415&ssl=1&resize=350%2C200 1x, https:\/\/i0.wp.com\/gomos.se\/wp-content\/uploads\/2025\/12\/featured-3.jpg?fit=800%2C415&ssl=1&resize=525%2C300 1.5x, https:\/\/i0.wp.com\/gomos.se\/wp-content\/uploads\/2025\/12\/featured-3.jpg?fit=800%2C415&ssl=1&resize=700%2C400 2x"},"classes":[]},{"id":4469,"url":"https:\/\/gomos.se\/en\/two-new-clergymen-join-the-holy-metropolis-of-sweden\/","url_meta":{"origin":4698,"position":2},"title":"Two New Clergymen Join the Holy Metropolis of Sweden","author":"mplexus","date":"April 19, 2026","format":false,"excerpt":"[:en] The Holy Metropolis of Sweden and All Scandinavia is pleased to announce, in the radiant joy of the Resurrection, the addition of two new volunteer clergy members to its ecclesiastical body. Their inclusion aims to further support and strengthen the Metropolis\u2019 ongoing missionary and pastoral ministry across Scandinavia. This\u2026","rel":"","context":"In &quot;News&quot;","block_context":{"text":"News","link":"https:\/\/gomos.se\/en\/category\/news\/"},"img":{"alt_text":"","src":"https:\/\/i0.wp.com\/gomos.se\/wp-content\/uploads\/2026\/04\/featured-21.jpg?fit=800%2C384&ssl=1&resize=350%2C200","width":350,"height":200,"srcset":"https:\/\/i0.wp.com\/gomos.se\/wp-content\/uploads\/2026\/04\/featured-21.jpg?fit=800%2C384&ssl=1&resize=350%2C200 1x, https:\/\/i0.wp.com\/gomos.se\/wp-content\/uploads\/2026\/04\/featured-21.jpg?fit=800%2C384&ssl=1&resize=525%2C300 1.5x, https:\/\/i0.wp.com\/gomos.se\/wp-content\/uploads\/2026\/04\/featured-21.jpg?fit=800%2C384&ssl=1&resize=700%2C400 2x"},"classes":[]},{"id":1435,"url":"https:\/\/gomos.se\/en\/hierarchical-d-liturgy-at-the-celebrating-parish-of-sts-demetrios-nestor-orebro\/","url_meta":{"origin":4698,"position":3},"title":"Hierarchical D. Liturgy at the Celebrating Parish of Sts. Demetrios &#038; Nestor, \u00d6rebro","author":"mplexus","date":"October 21, 2025","format":false,"excerpt":"[:en] It is joyfully announced to the faithful of the Holy Metropolis of Sweden that on Saturday, October 25, 2025, at 10:00 a.m., a Hierarchical Divine Liturgy will be celebrated at the festal Parish of Saints Demetrios and Nestor in the city of \u00d6rebro, Sweden (Gode Herdens Kapell, Bj\u00f6rkrisv\u00e4gen 17,\u2026","rel":"","context":"In &quot;News&quot;","block_context":{"text":"News","link":"https:\/\/gomos.se\/en\/category\/news\/"},"img":{"alt_text":"[:en]St. Demetrios, St. Nestor, St. Loupos[:]","src":"https:\/\/i0.wp.com\/gomos.se\/wp-content\/uploads\/2025\/10\/St-Demetrios-small.jpg?fit=650%2C364&ssl=1&resize=350%2C200","width":350,"height":200,"srcset":"https:\/\/i0.wp.com\/gomos.se\/wp-content\/uploads\/2025\/10\/St-Demetrios-small.jpg?fit=650%2C364&ssl=1&resize=350%2C200 1x, https:\/\/i0.wp.com\/gomos.se\/wp-content\/uploads\/2025\/10\/St-Demetrios-small.jpg?fit=650%2C364&ssl=1&resize=525%2C300 1.5x"},"classes":[]},{"id":4457,"url":"https:\/\/gomos.se\/en\/thyranoixia-of-the-saint-tychon-the-athonite-parish-in-lulea-sweden\/","url_meta":{"origin":4698,"position":4},"title":"Thyranoixia of the Saint Tychon the Athonite Parish in Lule\u00e5, Sweden","author":"mplexus","date":"April 19, 2026","format":false,"excerpt":"[:en] The Holy Metropolis of Sweden and All Scandinavia is pleased to announce to the faithful of the Mother Church in Scandinavia that the ordination of its new volunteer clergyman, the Reverend Protopresbyter Dr. Christian (Nils Krister) Tano, who is both a physician and a theologian, took place on Lazarus\u2026","rel":"","context":"In &quot;News&quot;","block_context":{"text":"News","link":"https:\/\/gomos.se\/en\/category\/news\/"},"img":{"alt_text":"","src":"https:\/\/i0.wp.com\/gomos.se\/wp-content\/uploads\/2026\/04\/671582901_1254245270195214_3792843578160532232_n.jpg?fit=784%2C392&ssl=1&resize=350%2C200","width":350,"height":200,"srcset":"https:\/\/i0.wp.com\/gomos.se\/wp-content\/uploads\/2026\/04\/671582901_1254245270195214_3792843578160532232_n.jpg?fit=784%2C392&ssl=1&resize=350%2C200 1x, https:\/\/i0.wp.com\/gomos.se\/wp-content\/uploads\/2026\/04\/671582901_1254245270195214_3792843578160532232_n.jpg?fit=784%2C392&ssl=1&resize=525%2C300 1.5x, https:\/\/i0.wp.com\/gomos.se\/wp-content\/uploads\/2026\/04\/671582901_1254245270195214_3792843578160532232_n.jpg?fit=784%2C392&ssl=1&resize=700%2C400 2x"},"classes":[]},{"id":4076,"url":"https:\/\/gomos.se\/en\/dr-nils-krister-tanos-ordination-to-the-diaconate-by-his-grace-bishop-bartholomew-of-elaia-at-the-st-george-cathedral-of-stockholm-on-saturday-of-lazarus-april-4-2026\/","url_meta":{"origin":4698,"position":5},"title":"Dr. Nils Krister Tano&#8217;s ordination to the Diaconate by His Grace Bishop Bartholomew of Elaia, at the St. George Cathedral of Stockholm, on Saturday of Lazarus, April 4, 2026.","author":"mplexus","date":"April 4, 2026","format":false,"excerpt":"[:en] [:el] [:]","rel":"","context":"In &quot;News&quot;","block_context":{"text":"News","link":"https:\/\/gomos.se\/en\/category\/news\/"},"img":{"alt_text":"","src":"https:\/\/i0.wp.com\/gomos.se\/wp-content\/uploads\/2026\/04\/featured-6.jpg?fit=800%2C602&ssl=1&resize=350%2C200","width":350,"height":200,"srcset":"https:\/\/i0.wp.com\/gomos.se\/wp-content\/uploads\/2026\/04\/featured-6.jpg?fit=800%2C602&ssl=1&resize=350%2C200 1x, https:\/\/i0.wp.com\/gomos.se\/wp-content\/uploads\/2026\/04\/featured-6.jpg?fit=800%2C602&ssl=1&resize=525%2C300 1.5x, https:\/\/i0.wp.com\/gomos.se\/wp-content\/uploads\/2026\/04\/featured-6.jpg?fit=800%2C602&ssl=1&resize=700%2C400 2x"},"classes":[]}],"_links":{"self":[{"href":"https:\/\/gomos.se\/en\/wp-json\/wp\/v2\/posts\/4698","targetHints":{"allow":["GET"]}}],"collection":[{"href":"https:\/\/gomos.se\/en\/wp-json\/wp\/v2\/posts"}],"about":[{"href":"https:\/\/gomos.se\/en\/wp-json\/wp\/v2\/types\/post"}],"author":[{"embeddable":true,"href":"https:\/\/gomos.se\/en\/wp-json\/wp\/v2\/users\/1"}],"replies":[{"embeddable":true,"href":"https:\/\/gomos.se\/en\/wp-json\/wp\/v2\/comments?post=4698"}],"version-history":[{"count":3,"href":"https:\/\/gomos.se\/en\/wp-json\/wp\/v2\/posts\/4698\/revisions"}],"predecessor-version":[{"id":4705,"href":"https:\/\/gomos.se\/en\/wp-json\/wp\/v2\/posts\/4698\/revisions\/4705"}],"wp:featuredmedia":[{"embeddable":true,"href":"https:\/\/gomos.se\/en\/wp-json\/wp\/v2\/media\/4701"}],"wp:attachment":[{"href":"https:\/\/gomos.se\/en\/wp-json\/wp\/v2\/media?parent=4698"}],"wp:term":[{"taxonomy":"category","embeddable":true,"href":"https:\/\/gomos.se\/en\/wp-json\/wp\/v2\/categories?post=4698"},{"taxonomy":"post_tag","embeddable":true,"href":"https:\/\/gomos.se\/en\/wp-json\/wp\/v2\/tags?post=4698"}],"curies":[{"name":"wp","href":"https:\/\/api.w.org\/{rel}","templated":true}]}}