{"id":901,"date":"2025-09-06T13:28:58","date_gmt":"2025-09-06T12:28:58","guid":{"rendered":"https:\/\/gomos.se\/en\/?p=901"},"modified":"2026-03-04T12:36:07","modified_gmt":"2026-03-04T10:36:07","slug":"metropolitan-cleopas-of-sweden-the-divine-liturgy-in-the-swedish-language","status":"publish","type":"post","link":"https:\/\/gomos.se\/en\/metropolitan-cleopas-of-sweden-the-divine-liturgy-in-the-swedish-language\/","title":{"rendered":"Metropolitan Cleopas of Sweden, The Divine Liturgy in the Swedish Language"},"content":{"rendered":"\n<p>The Divine Liturgy is the \u201cheart\u201d of the life of the Church and the revelation of the Kingdom of God within the world.<\/p>\n\n\n\n<p>In the Divine Liturgy, the Word of God becomes accessible to the people, and the people, in turn, offer themselves to God through praise and thanksgiving.<\/p>\n\n\n\n<p>In this theological reality, language is not merely a means of communication, but a place of incarnation and communion.<\/p>\n\n\n\n<p>The Church always proclaims Christ \u201cin other tongues\u201d (Acts 2:4).<\/p>\n\n\n\n<p>Pentecost is the model, for each Apostle heard \u201cthe mighty works of God\u201d in his own language.<\/p>\n\n\n\n<div class=\"wp-block-columns is-layout-flex wp-container-core-columns-is-layout-28f84493 wp-block-columns-is-layout-flex\">\n<div class=\"wp-block-column is-layout-flow wp-block-column-is-layout-flow\">\n<figure class=\"wp-block-image size-large\"><img data-recalc-dims=\"1\" loading=\"lazy\" decoding=\"async\" width=\"1024\" height=\"771\" src=\"https:\/\/i0.wp.com\/gomos.se\/wp-content\/uploads\/2025\/09\/PXL_20250906_084420820.jpg?resize=1024%2C771&#038;ssl=1\" alt=\"\" class=\"wp-image-903\" srcset=\"https:\/\/i0.wp.com\/gomos.se\/wp-content\/uploads\/2025\/09\/PXL_20250906_084420820.jpg?resize=1024%2C771&amp;ssl=1 1024w, https:\/\/i0.wp.com\/gomos.se\/wp-content\/uploads\/2025\/09\/PXL_20250906_084420820.jpg?resize=300%2C226&amp;ssl=1 300w, https:\/\/i0.wp.com\/gomos.se\/wp-content\/uploads\/2025\/09\/PXL_20250906_084420820.jpg?resize=768%2C578&amp;ssl=1 768w, https:\/\/i0.wp.com\/gomos.se\/wp-content\/uploads\/2025\/09\/PXL_20250906_084420820.jpg?w=1400&amp;ssl=1 1400w\" sizes=\"auto, (max-width: 1000px) 100vw, 1000px\" \/><\/figure>\n<\/div>\n\n\n\n<div class=\"wp-block-column is-layout-flow wp-block-column-is-layout-flow\">\n<p>The local dialect is not simply a daily idiom; it is the vessel through which a person thinks, prays, and experiences the world.<\/p>\n\n\n\n<p>When the Divine Liturgy is celebrated in the language that speaks to the heart of the faithful, then the Word truly becomes near \u2014 both to the mouth and to the heart.<\/p>\n\n\n\n<p>The universality of the Church does not abolish particularity.<\/p>\n\n\n\n<p>Christ became man, \u201cin every way like us\u201d, except for sin.<\/p>\n\n\n\n<p>Just as the Incarnation took place in a specific place, time, and language, so too the Divine Liturgy is called to embrace the linguistic and cultural uniqueness of each community.<\/p>\n\n\n\n<p>The use of the local dialect in the celebration of the Divine Liturgy testifies that the Church is not a foreign body, but truly \u201cdwells among the people.\u201d<\/p>\n<\/div>\n<\/div>\n\n\n\n<p>Moreover, dialects are bearers of memory and culture. When they are included in worship, they do not merely \u201cfacilitate understanding,\u201d but sanctify the entire cultural experience of the people.<\/p>\n\n\n\n<p>Thus, the local language becomes a vehicle of divine knowledge, and tradition itself is transformed into a theological witness and living experience.<\/p>\n\n\n\n<p>In the four nations that make up the Holy Metropolis of Sweden and All Scandinavia, there once prevailed the belief that only the use of the Greek language conferred dignity and holiness.<\/p>\n\n\n\n<p>However, such a view reveals a lack of understanding of the reality that the holiness of the Divine Liturgy flows from the Holy Spirit, which acts \u201calways and everywhere,\u201d and not from the antiquity or formality of the language.<\/p>\n\n\n\n<p>The use of the local dialect does not diminish holiness; rather, it reveals the nearness of God, who \u201cspeaks as a friend to a friend.\u201d<\/p>\n\n\n\n<p>Understanding the needs of our local Church and being deeply moved by the almost daily attendance of several young people, mostly natives, and recognizing their desire to comprehend, as far as humanly possible, both the services being performed and the doctrines of the Orthodox faith, we initially published the Divine Liturgy in a trilingual text in 2017, and the Akathist Hymn in a bilingual text in 2019, as an offering from our beloved concelebrant, His Eminence Metropolitan Agathangelos of Fanarion, and from the Publishing Ministry \u201cApostoliki Diakonia of the Church of Greece.\u201d<\/p>\n\n\n\n<p>We have also established the celebration of the Divine Liturgy entirely in the Swedish language, one Saturday each month, beginning today, Saturday, September 6, 2025, at 10:00 a.m., on the occasion of the beginning of the new ecclesiastical year.<\/p>\n\n\n\n<p>Furthermore, for several years, we have been organizing lectures and seminars for Catechumens and the recently baptized, in both English and Swedish. These will resume once again on Thursday, September 18, 2025, at 6:00 p.m., at the facilities of the St. George Cathedral of Stockholm.<\/p>\n\n\n\n<p>The same missionary effort is carried out in all our parishes by our dedicated clergy and volunteers, whom I sincerely thank from the heart for their sacrificial ministry.<\/p>\n\n\n\n<p>In this way, and as is the case every Sunday, apart from Greek, the Swedish, Norwegian, Danish, Icelandic, and English languages are also used in the various local parishes.<\/p>\n\n\n\n<p>Thus, the celebration of the Divine Liturgy in the local dialect is not merely a linguistic choice, but a theological act that shows that God speaks in the language of His people, embraces the entire human experience, and sanctifies it.<\/p>\n\n\n\n<p>In this way, the Church remains faithful to her mission, as commanded by the Risen Lord, \u201cto preach the Gospel to all nations,\u201d in a manner that is living, familiar, and salvific.<\/p>\n","protected":false},"excerpt":{"rendered":"<p>The Divine Liturgy is the \u201cheart\u201d of the life of the Church and the revelation of the Kingdom of God within the world. In the Divine Liturgy, the Word of God becomes accessible to the people, and the people, in turn, offer themselves to God through praise and thanksgiving. In this theological reality, language is [&hellip;]<\/p>\n","protected":false},"author":1,"featured_media":902,"comment_status":"closed","ping_status":"open","sticky":false,"template":"","format":"standard","meta":{"_jetpack_memberships_contains_paid_content":false,"footnotes":"","jetpack_publicize_message":"","jetpack_publicize_feature_enabled":true,"jetpack_social_post_already_shared":false,"jetpack_social_options":{"image_generator_settings":{"template":"highway","default_image_id":0,"font":"","enabled":false},"version":2}},"categories":[15],"tags":[24],"class_list":["post-901","post","type-post","status-publish","format-standard","has-post-thumbnail","hentry","category-news","tag-st-georgios-cathedral-stockholm"],"aioseo_notices":[],"jetpack_publicize_connections":[],"jetpack_featured_media_url":"https:\/\/i0.wp.com\/gomos.se\/wp-content\/uploads\/2025\/09\/featured-2.jpg?fit=700%2C394&ssl=1","jetpack_sharing_enabled":true,"jetpack-related-posts":[{"id":1442,"url":"https:\/\/gomos.se\/en\/hierarchical-divine-liturgy-at-the-st-nicholas-hermitage-in-rattvik\/","url_meta":{"origin":901,"position":0},"title":"Hierarchical Divine Liturgy at the St. Nicholas Hermitage in R\u00e4ttvik","author":"mplexus","date":"October 21, 2025","format":false,"excerpt":"[:el][:]","rel":"","context":"In &quot;News&quot;","block_context":{"text":"News","link":"https:\/\/gomos.se\/en\/category\/news\/"},"img":{"alt_text":"[:el]St Nicholas Hermitage Rattvik[:]","src":"https:\/\/i0.wp.com\/gomos.se\/wp-content\/uploads\/2025\/10\/St-Nicholas-Hermitage-Rattvik.jpg?fit=1200%2C495&ssl=1&resize=350%2C200","width":350,"height":200,"srcset":"https:\/\/i0.wp.com\/gomos.se\/wp-content\/uploads\/2025\/10\/St-Nicholas-Hermitage-Rattvik.jpg?fit=1200%2C495&ssl=1&resize=350%2C200 1x, https:\/\/i0.wp.com\/gomos.se\/wp-content\/uploads\/2025\/10\/St-Nicholas-Hermitage-Rattvik.jpg?fit=1200%2C495&ssl=1&resize=525%2C300 1.5x, https:\/\/i0.wp.com\/gomos.se\/wp-content\/uploads\/2025\/10\/St-Nicholas-Hermitage-Rattvik.jpg?fit=1200%2C495&ssl=1&resize=700%2C400 2x, https:\/\/i0.wp.com\/gomos.se\/wp-content\/uploads\/2025\/10\/St-Nicholas-Hermitage-Rattvik.jpg?fit=1200%2C495&ssl=1&resize=1050%2C600 3x"},"classes":[]},{"id":4228,"url":"https:\/\/gomos.se\/en\/photos-from-the-easter-divine-liturgy-at-the-st-george-cathedral-of-stockholm\/","url_meta":{"origin":901,"position":1},"title":"Photos from the Easter Divine Liturgy at the St. George Cathedral of Stockholm 2026","author":"mplexus","date":"April 14, 2026","format":false,"excerpt":"[:en] [:el] [:]","rel":"","context":"In &quot;News&quot;","block_context":{"text":"News","link":"https:\/\/gomos.se\/en\/category\/news\/"},"img":{"alt_text":"","src":"https:\/\/i0.wp.com\/gomos.se\/wp-content\/uploads\/2026\/04\/featured2.jpg?fit=800%2C425&ssl=1&resize=350%2C200","width":350,"height":200,"srcset":"https:\/\/i0.wp.com\/gomos.se\/wp-content\/uploads\/2026\/04\/featured2.jpg?fit=800%2C425&ssl=1&resize=350%2C200 1x, https:\/\/i0.wp.com\/gomos.se\/wp-content\/uploads\/2026\/04\/featured2.jpg?fit=800%2C425&ssl=1&resize=525%2C300 1.5x, https:\/\/i0.wp.com\/gomos.se\/wp-content\/uploads\/2026\/04\/featured2.jpg?fit=800%2C425&ssl=1&resize=700%2C400 2x"},"classes":[]},{"id":3092,"url":"https:\/\/gomos.se\/en\/h-e-metropolitan-cleopas-of-swedens-presentation-at-the-9th-catechumens-meeting\/","url_meta":{"origin":901,"position":2},"title":"H.E. Metropolitan Cleopas of Sweden\u2019s presentation at the 9th Catechumens\u2019 meeting","author":"mplexus","date":"February 27, 2026","format":false,"excerpt":"[:en] St. George Cathedral of Stockholm Thursday, February 19, 2026 Topic: From Triodion to Holy Week and Easter: A Journey of Repentance and Theosis The liturgical journey of the Orthodox Church from the Triodion to Great Lent, through Holy Week, and culminating in the radiant and life-giving Feast of Pascha\/Easter,\u2026","rel":"","context":"In &quot;Catechumens&quot;","block_context":{"text":"Catechumens","link":"https:\/\/gomos.se\/en\/category\/ministries\/catechumens\/"},"img":{"alt_text":"","src":"https:\/\/i0.wp.com\/gomos.se\/wp-content\/uploads\/2026\/02\/featured-5.jpg?fit=800%2C386&ssl=1&resize=350%2C200","width":350,"height":200,"srcset":"https:\/\/i0.wp.com\/gomos.se\/wp-content\/uploads\/2026\/02\/featured-5.jpg?fit=800%2C386&ssl=1&resize=350%2C200 1x, https:\/\/i0.wp.com\/gomos.se\/wp-content\/uploads\/2026\/02\/featured-5.jpg?fit=800%2C386&ssl=1&resize=525%2C300 1.5x, https:\/\/i0.wp.com\/gomos.se\/wp-content\/uploads\/2026\/02\/featured-5.jpg?fit=800%2C386&ssl=1&resize=700%2C400 2x"},"classes":[]},{"id":1435,"url":"https:\/\/gomos.se\/en\/hierarchical-d-liturgy-at-the-celebrating-parish-of-sts-demetrios-nestor-orebro\/","url_meta":{"origin":901,"position":3},"title":"Hierarchical D. Liturgy at the Celebrating Parish of Sts. Demetrios &#038; Nestor, \u00d6rebro","author":"mplexus","date":"October 21, 2025","format":false,"excerpt":"[:en] It is joyfully announced to the faithful of the Holy Metropolis of Sweden that on Saturday, October 25, 2025, at 10:00 a.m., a Hierarchical Divine Liturgy will be celebrated at the festal Parish of Saints Demetrios and Nestor in the city of \u00d6rebro, Sweden (Gode Herdens Kapell, Bj\u00f6rkrisv\u00e4gen 17,\u2026","rel":"","context":"In &quot;News&quot;","block_context":{"text":"News","link":"https:\/\/gomos.se\/en\/category\/news\/"},"img":{"alt_text":"[:en]St. Demetrios, St. Nestor, St. Loupos[:]","src":"https:\/\/i0.wp.com\/gomos.se\/wp-content\/uploads\/2025\/10\/St-Demetrios-small.jpg?fit=650%2C364&ssl=1&resize=350%2C200","width":350,"height":200,"srcset":"https:\/\/i0.wp.com\/gomos.se\/wp-content\/uploads\/2025\/10\/St-Demetrios-small.jpg?fit=650%2C364&ssl=1&resize=350%2C200 1x, https:\/\/i0.wp.com\/gomos.se\/wp-content\/uploads\/2025\/10\/St-Demetrios-small.jpg?fit=650%2C364&ssl=1&resize=525%2C300 1.5x"},"classes":[]},{"id":3444,"url":"https:\/\/gomos.se\/en\/h-e-metropolitan-cleopas-of-swedens-homily-at-the-10th-catechumens-seminar\/","url_meta":{"origin":901,"position":4},"title":"H.E. Metropolitan Cleopas of Sweden\u2019s Homily at the 10th Catechumens\u2019 Seminar","author":"mplexus","date":"March 14, 2026","format":false,"excerpt":"[:en] St. George Cathedral of Stockholm Thursday, March 12, 2026 Topic: The Jesus Prayer It is a great blessing and joy to speak with you today, especially as catechumens and newly illumined Christians\u2014those who are approaching, or have recently entered, the fullness of the Orthodox faith. You are not simply\u2026","rel":"","context":"In &quot;Catechumens&quot;","block_context":{"text":"Catechumens","link":"https:\/\/gomos.se\/en\/category\/ministries\/catechumens\/"},"img":{"alt_text":"","src":"https:\/\/i0.wp.com\/gomos.se\/wp-content\/uploads\/2026\/03\/featured-6.jpg?fit=800%2C374&ssl=1&resize=350%2C200","width":350,"height":200,"srcset":"https:\/\/i0.wp.com\/gomos.se\/wp-content\/uploads\/2026\/03\/featured-6.jpg?fit=800%2C374&ssl=1&resize=350%2C200 1x, https:\/\/i0.wp.com\/gomos.se\/wp-content\/uploads\/2026\/03\/featured-6.jpg?fit=800%2C374&ssl=1&resize=525%2C300 1.5x, https:\/\/i0.wp.com\/gomos.se\/wp-content\/uploads\/2026\/03\/featured-6.jpg?fit=800%2C374&ssl=1&resize=700%2C400 2x"},"classes":[]},{"id":1938,"url":"https:\/\/gomos.se\/en\/the-feast-of-saint-nicholas-at-the-finnish-parish-of-stockholm\/","url_meta":{"origin":901,"position":5},"title":"The Feast of Saint Nicholas at the Finnish Parish of Stockholm","author":"mplexus","date":"December 11, 2025","format":false,"excerpt":"[:en] On the morning of Saturday, December 6, 2025, His Eminence Metropolitan Cleopas of Sweden and All Scandinavia presided over the Divine Liturgy in Chorostasia at the festal Finnish Parish of Saint Nicholas in Stockholm. Concelebrating with him were the Very Rev. Archimandrite Bartholomew Iatridis, Parish Priest of Saint George\u2026","rel":"","context":"In &quot;Homilies&quot;","block_context":{"text":"Homilies","link":"https:\/\/gomos.se\/en\/category\/metropolitan\/homilies\/"},"img":{"alt_text":"","src":"https:\/\/i0.wp.com\/gomos.se\/wp-content\/uploads\/2025\/12\/featured-3.jpg?fit=800%2C415&ssl=1&resize=350%2C200","width":350,"height":200,"srcset":"https:\/\/i0.wp.com\/gomos.se\/wp-content\/uploads\/2025\/12\/featured-3.jpg?fit=800%2C415&ssl=1&resize=350%2C200 1x, https:\/\/i0.wp.com\/gomos.se\/wp-content\/uploads\/2025\/12\/featured-3.jpg?fit=800%2C415&ssl=1&resize=525%2C300 1.5x, https:\/\/i0.wp.com\/gomos.se\/wp-content\/uploads\/2025\/12\/featured-3.jpg?fit=800%2C415&ssl=1&resize=700%2C400 2x"},"classes":[]}],"_links":{"self":[{"href":"https:\/\/gomos.se\/en\/wp-json\/wp\/v2\/posts\/901","targetHints":{"allow":["GET"]}}],"collection":[{"href":"https:\/\/gomos.se\/en\/wp-json\/wp\/v2\/posts"}],"about":[{"href":"https:\/\/gomos.se\/en\/wp-json\/wp\/v2\/types\/post"}],"author":[{"embeddable":true,"href":"https:\/\/gomos.se\/en\/wp-json\/wp\/v2\/users\/1"}],"replies":[{"embeddable":true,"href":"https:\/\/gomos.se\/en\/wp-json\/wp\/v2\/comments?post=901"}],"version-history":[{"count":2,"href":"https:\/\/gomos.se\/en\/wp-json\/wp\/v2\/posts\/901\/revisions"}],"predecessor-version":[{"id":905,"href":"https:\/\/gomos.se\/en\/wp-json\/wp\/v2\/posts\/901\/revisions\/905"}],"wp:featuredmedia":[{"embeddable":true,"href":"https:\/\/gomos.se\/en\/wp-json\/wp\/v2\/media\/902"}],"wp:attachment":[{"href":"https:\/\/gomos.se\/en\/wp-json\/wp\/v2\/media?parent=901"}],"wp:term":[{"taxonomy":"category","embeddable":true,"href":"https:\/\/gomos.se\/en\/wp-json\/wp\/v2\/categories?post=901"},{"taxonomy":"post_tag","embeddable":true,"href":"https:\/\/gomos.se\/en\/wp-json\/wp\/v2\/tags?post=901"}],"curies":[{"name":"wp","href":"https:\/\/api.w.org\/{rel}","templated":true}]}}